{"id":14440,"date":"2019-11-04T08:39:24","date_gmt":"2019-11-04T08:39:24","guid":{"rendered":"http:\/\/blogdorogeriogomes.com.br\/?p=14440"},"modified":"2019-11-04T08:39:24","modified_gmt":"2019-11-04T08:39:24","slug":"pf-tenta-identificar-autor-de-vazamento-da-prova-do-enem-2019","status":"publish","type":"post","link":"https:\/\/blogdorogeriogomes.com.br\/noticias\/2019\/11\/pf-tenta-identificar-autor-de-vazamento-da-prova-do-enem-2019\/","title":{"rendered":"PF tenta identificar autor de vazamento da prova do Enem 2019"},"content":{"rendered":"<p><img loading=\"lazy\" decoding=\"async\" class=\"alignnone size-medium wp-image-14441\" src=\"http:\/\/blogdorogeriogomes.com.br\/wp-content\/uploads\/2019\/11\/images-2019-11-04T053253.310-300x164.jpeg\" alt=\"images - 2019-11-04T053253.310\" width=\"300\" height=\"164\" srcset=\"https:\/\/blogdorogeriogomes.com.br\/noticias\/wp-content\/uploads\/2019\/11\/images-2019-11-04T053253.310-300x164.jpeg 300w, https:\/\/blogdorogeriogomes.com.br\/noticias\/wp-content\/uploads\/2019\/11\/images-2019-11-04T053253.310.jpeg 660w\" sizes=\"auto, (max-width: 300px) 100vw, 300px\" \/><\/p>\n<p>Depois de confirmado o vazamento da prova do Enem 2019, a Pol\u00edcia Federal tenta identificar o autor do vazamento, que provavelmente \u00e9 de Pernambuco. A informa\u00e7\u00e3o \u00e9 do ministro da Educa\u00e7\u00e3o, Abraham Weintraub, que fez um pronunciamento pelo Twitter confirmando que a imagem que circula nas redes sociais da prova de Reda\u00e7\u00e3o do exame \u00e9 verdadeira.<br \/>\nO ministro afirmou que tudo indica que o respons\u00e1vel pelo vazamento da imagem foi um fiscal do exame. Se confirmado, o respons\u00e1vel n\u00e3o trabalhar\u00e1 novamente na aplica\u00e7\u00e3o da prova na pr\u00f3xima semana.<br \/>\n&#8220;\u00c9 importante esclarecer que a divulga\u00e7\u00e3o, que ocorreu ap\u00f3s o in\u00edcio da aplica\u00e7\u00e3o, n\u00e3o prejudicou o andamento do exame. Todos os participantes j\u00e1 tinham passado pelos procedimentos de seguran\u00e7a e estavam nos locais de prova&#8221;, disse Weintraub, acrescentando que o Enem &#8220;segue 100%&#8221; e que &#8220;tudo est\u00e1 dentro da normalidade&#8221;.<br \/>\nO exame teve 5,1 milh\u00f5es de inscritos neste ano. O MEC afirmou, todavia, que 1,2 milh\u00e3o, ou seja, 24% dos candidatos, n\u00e3o compareceu neste domingo, dia 3 de novembro.<\/p>\n","protected":false},"excerpt":{"rendered":"<p>Depois de confirmado o vazamento da prova do Enem 2019, a Pol\u00edcia Federal tenta identificar o autor do vazamento, que provavelmente \u00e9 de Pernambuco. A informa\u00e7\u00e3o \u00e9 do ministro da Educa\u00e7\u00e3o, Abraham Weintraub, que fez um pronunciamento pelo Twitter confirmando que a imagem que circula nas redes sociais da prova de Reda\u00e7\u00e3o do exame \u00e9 verdadeira. O ministro afirmou que tudo indica que o respons\u00e1vel pelo vazamento da imagem foi um fiscal do exame. Se confirmado, o respons\u00e1vel n\u00e3o&hellip;<\/p>\n","protected":false},"author":1,"featured_media":0,"comment_status":"open","ping_status":"open","sticky":false,"template":"","format":"standard","meta":{"footnotes":""},"categories":[1],"tags":[],"class_list":["post-14440","post","type-post","status-publish","format-standard","hentry","category-noticias"],"_links":{"self":[{"href":"https:\/\/blogdorogeriogomes.com.br\/noticias\/wp-json\/wp\/v2\/posts\/14440","targetHints":{"allow":["GET"]}}],"collection":[{"href":"https:\/\/blogdorogeriogomes.com.br\/noticias\/wp-json\/wp\/v2\/posts"}],"about":[{"href":"https:\/\/blogdorogeriogomes.com.br\/noticias\/wp-json\/wp\/v2\/types\/post"}],"author":[{"embeddable":true,"href":"https:\/\/blogdorogeriogomes.com.br\/noticias\/wp-json\/wp\/v2\/users\/1"}],"replies":[{"embeddable":true,"href":"https:\/\/blogdorogeriogomes.com.br\/noticias\/wp-json\/wp\/v2\/comments?post=14440"}],"version-history":[{"count":1,"href":"https:\/\/blogdorogeriogomes.com.br\/noticias\/wp-json\/wp\/v2\/posts\/14440\/revisions"}],"predecessor-version":[{"id":14442,"href":"https:\/\/blogdorogeriogomes.com.br\/noticias\/wp-json\/wp\/v2\/posts\/14440\/revisions\/14442"}],"wp:attachment":[{"href":"https:\/\/blogdorogeriogomes.com.br\/noticias\/wp-json\/wp\/v2\/media?parent=14440"}],"wp:term":[{"taxonomy":"category","embeddable":true,"href":"https:\/\/blogdorogeriogomes.com.br\/noticias\/wp-json\/wp\/v2\/categories?post=14440"},{"taxonomy":"post_tag","embeddable":true,"href":"https:\/\/blogdorogeriogomes.com.br\/noticias\/wp-json\/wp\/v2\/tags?post=14440"}],"curies":[{"name":"wp","href":"https:\/\/api.w.org\/{rel}","templated":true}]}}