{"id":14443,"date":"2019-11-04T08:53:25","date_gmt":"2019-11-04T08:53:25","guid":{"rendered":"http:\/\/blogdorogeriogomes.com.br\/?p=14443"},"modified":"2019-11-04T08:53:25","modified_gmt":"2019-11-04T08:53:25","slug":"mp-que-reformula-programa-mais-medicos-pode-entrar-na-pauta-da-camara-federal","status":"publish","type":"post","link":"https:\/\/blogdorogeriogomes.com.br\/noticias\/2019\/11\/mp-que-reformula-programa-mais-medicos-pode-entrar-na-pauta-da-camara-federal\/","title":{"rendered":"MP que reformula Programa Mais M\u00e9dicos pode entrar na pauta da C\u00e2mara Federal"},"content":{"rendered":"<p><img loading=\"lazy\" decoding=\"async\" class=\"alignnone size-medium wp-image-14444\" src=\"http:\/\/blogdorogeriogomes.com.br\/wp-content\/uploads\/2019\/11\/images-2019-11-04T054409.320-300x178.jpeg\" alt=\"images - 2019-11-04T054409.320\" width=\"300\" height=\"178\" srcset=\"https:\/\/blogdorogeriogomes.com.br\/noticias\/wp-content\/uploads\/2019\/11\/images-2019-11-04T054409.320-300x178.jpeg 300w, https:\/\/blogdorogeriogomes.com.br\/noticias\/wp-content\/uploads\/2019\/11\/images-2019-11-04T054409.320.jpeg 720w\" sizes=\"auto, (max-width: 300px) 100vw, 300px\" \/><\/p>\n<p>A medida provis\u00f3ria que reformula o Programa Mais M\u00e9dicos dever\u00e1 ser o tema de destaque do plen\u00e1rio da C\u00e2mara dos Deputados nesta semana. O texto efetivamente encerra o Mais M\u00e9dicos, que foi marca das gest\u00f5es dos petistas Luiz In\u00e1cio Lula da Silva e Dilma Rousseff, e sob a justificativa de ampliar o atendimento em locais afastados das cidades ou com popula\u00e7\u00e3o de alta vulnerabilidade, estabelece novas regras e uma nova denomina\u00e7\u00e3o: &#8216;M\u00e9dicos pelo Brasil&#8217;.<br \/>\nNo entanto, h\u00e1 d\u00favidas sobre os encaminhamentos na pauta da C\u00e2mara Federal para esta semana, por causa das declara\u00e7\u00f5es do deputado federal pelo PSL de S\u00e3o Paulo, Eduardo Bolsonaro, que disse numa entrevista que, havendo radicaliza\u00e7\u00f5es na pol\u00edtica, uma consequ\u00eancia aventada pelos grupos \u00e0 direita seria &#8220;um novo AI-5&#8221;.<br \/>\nA ressurrei\u00e7\u00e3o do assunto gerou uma s\u00e9rie de cr\u00edticas de partidos e pol\u00edticos, que entraram com uma representa\u00e7\u00e3o contra Eduardo Bolsonaro no Conselho de \u00c9tica da Casa.<\/p>\n","protected":false},"excerpt":{"rendered":"<p>A medida provis\u00f3ria que reformula o Programa Mais M\u00e9dicos dever\u00e1 ser o tema de destaque do plen\u00e1rio da C\u00e2mara dos Deputados nesta semana. O texto efetivamente encerra o Mais M\u00e9dicos, que foi marca das gest\u00f5es dos petistas Luiz In\u00e1cio Lula da Silva e Dilma Rousseff, e sob a justificativa de ampliar o atendimento em locais afastados das cidades ou com popula\u00e7\u00e3o de alta vulnerabilidade, estabelece novas regras e uma nova denomina\u00e7\u00e3o: &#8216;M\u00e9dicos pelo Brasil&#8217;. No entanto, h\u00e1 d\u00favidas sobre&hellip;<\/p>\n","protected":false},"author":1,"featured_media":0,"comment_status":"open","ping_status":"open","sticky":false,"template":"","format":"standard","meta":{"footnotes":""},"categories":[1],"tags":[],"class_list":["post-14443","post","type-post","status-publish","format-standard","hentry","category-noticias"],"_links":{"self":[{"href":"https:\/\/blogdorogeriogomes.com.br\/noticias\/wp-json\/wp\/v2\/posts\/14443","targetHints":{"allow":["GET"]}}],"collection":[{"href":"https:\/\/blogdorogeriogomes.com.br\/noticias\/wp-json\/wp\/v2\/posts"}],"about":[{"href":"https:\/\/blogdorogeriogomes.com.br\/noticias\/wp-json\/wp\/v2\/types\/post"}],"author":[{"embeddable":true,"href":"https:\/\/blogdorogeriogomes.com.br\/noticias\/wp-json\/wp\/v2\/users\/1"}],"replies":[{"embeddable":true,"href":"https:\/\/blogdorogeriogomes.com.br\/noticias\/wp-json\/wp\/v2\/comments?post=14443"}],"version-history":[{"count":1,"href":"https:\/\/blogdorogeriogomes.com.br\/noticias\/wp-json\/wp\/v2\/posts\/14443\/revisions"}],"predecessor-version":[{"id":14445,"href":"https:\/\/blogdorogeriogomes.com.br\/noticias\/wp-json\/wp\/v2\/posts\/14443\/revisions\/14445"}],"wp:attachment":[{"href":"https:\/\/blogdorogeriogomes.com.br\/noticias\/wp-json\/wp\/v2\/media?parent=14443"}],"wp:term":[{"taxonomy":"category","embeddable":true,"href":"https:\/\/blogdorogeriogomes.com.br\/noticias\/wp-json\/wp\/v2\/categories?post=14443"},{"taxonomy":"post_tag","embeddable":true,"href":"https:\/\/blogdorogeriogomes.com.br\/noticias\/wp-json\/wp\/v2\/tags?post=14443"}],"curies":[{"name":"wp","href":"https:\/\/api.w.org\/{rel}","templated":true}]}}