{"id":14450,"date":"2019-11-04T20:25:07","date_gmt":"2019-11-04T20:25:07","guid":{"rendered":"http:\/\/blogdorogeriogomes.com.br\/?p=14450"},"modified":"2019-11-04T20:25:07","modified_gmt":"2019-11-04T20:25:07","slug":"tcu-autoriza-leilao-do-terminal-maritimo-de-passageiros-do-porto-de-fortaleza","status":"publish","type":"post","link":"https:\/\/blogdorogeriogomes.com.br\/noticias\/2019\/11\/tcu-autoriza-leilao-do-terminal-maritimo-de-passageiros-do-porto-de-fortaleza\/","title":{"rendered":"TCU autoriza leil\u00e3o do Terminal Mar\u00edtimo de Passageiros do Porto de Fortaleza"},"content":{"rendered":"<p><img loading=\"lazy\" decoding=\"async\" class=\"alignnone size-medium wp-image-14451\" src=\"http:\/\/blogdorogeriogomes.com.br\/wp-content\/uploads\/2019\/11\/images-2019-11-04T171842.910-300x168.jpeg\" alt=\"images - 2019-11-04T171842.910\" width=\"300\" height=\"168\" srcset=\"https:\/\/blogdorogeriogomes.com.br\/noticias\/wp-content\/uploads\/2019\/11\/images-2019-11-04T171842.910-300x168.jpeg 300w, https:\/\/blogdorogeriogomes.com.br\/noticias\/wp-content\/uploads\/2019\/11\/images-2019-11-04T171842.910.jpeg 739w\" sizes=\"auto, (max-width: 300px) 100vw, 300px\" \/><\/p>\n<p>O Tribunal de Contas da Uni\u00e3o (TCU) autorizou o leil\u00e3o do Terminal Mar\u00edtimo de Passageiros do Porto de Fortaleza. Este \u00e9 o \u00faltimo passo antes da publica\u00e7\u00e3o do edital, que ocorrer\u00e1 ainda este ano. Uma sess\u00e3o p\u00fablica ser\u00e1 realizada no primeiro trimestre de 2020. OO ministro de Infraestrutura, Tarc\u00edsio Gomes de Freitas, j\u00e1 tinha anunciado que o leil\u00e3o dos terminais portu\u00e1rios p\u00fablicos no Pa\u00eds teria in\u00edcio pela capital cearense.<br \/>\nO Terminal Mar\u00edtimo de Fortaleza \u00e9 um terminal multiuso que tamb\u00e9m gera receita com o aluguel do espa\u00e7o para eventos quando n\u00e3o est\u00e1 recebendo cruzeiros mar\u00edtimos.<\/p>\n","protected":false},"excerpt":{"rendered":"<p>O Tribunal de Contas da Uni\u00e3o (TCU) autorizou o leil\u00e3o do Terminal Mar\u00edtimo de Passageiros do Porto de Fortaleza. Este \u00e9 o \u00faltimo passo antes da publica\u00e7\u00e3o do edital, que ocorrer\u00e1 ainda este ano. Uma sess\u00e3o p\u00fablica ser\u00e1 realizada no primeiro trimestre de 2020. OO ministro de Infraestrutura, Tarc\u00edsio Gomes de Freitas, j\u00e1 tinha anunciado que o leil\u00e3o dos terminais portu\u00e1rios p\u00fablicos no Pa\u00eds teria in\u00edcio pela capital cearense. O Terminal Mar\u00edtimo de Fortaleza \u00e9 um terminal multiuso que&hellip;<\/p>\n","protected":false},"author":1,"featured_media":0,"comment_status":"open","ping_status":"open","sticky":false,"template":"","format":"standard","meta":{"footnotes":""},"categories":[1],"tags":[],"class_list":["post-14450","post","type-post","status-publish","format-standard","hentry","category-noticias"],"_links":{"self":[{"href":"https:\/\/blogdorogeriogomes.com.br\/noticias\/wp-json\/wp\/v2\/posts\/14450","targetHints":{"allow":["GET"]}}],"collection":[{"href":"https:\/\/blogdorogeriogomes.com.br\/noticias\/wp-json\/wp\/v2\/posts"}],"about":[{"href":"https:\/\/blogdorogeriogomes.com.br\/noticias\/wp-json\/wp\/v2\/types\/post"}],"author":[{"embeddable":true,"href":"https:\/\/blogdorogeriogomes.com.br\/noticias\/wp-json\/wp\/v2\/users\/1"}],"replies":[{"embeddable":true,"href":"https:\/\/blogdorogeriogomes.com.br\/noticias\/wp-json\/wp\/v2\/comments?post=14450"}],"version-history":[{"count":1,"href":"https:\/\/blogdorogeriogomes.com.br\/noticias\/wp-json\/wp\/v2\/posts\/14450\/revisions"}],"predecessor-version":[{"id":14452,"href":"https:\/\/blogdorogeriogomes.com.br\/noticias\/wp-json\/wp\/v2\/posts\/14450\/revisions\/14452"}],"wp:attachment":[{"href":"https:\/\/blogdorogeriogomes.com.br\/noticias\/wp-json\/wp\/v2\/media?parent=14450"}],"wp:term":[{"taxonomy":"category","embeddable":true,"href":"https:\/\/blogdorogeriogomes.com.br\/noticias\/wp-json\/wp\/v2\/categories?post=14450"},{"taxonomy":"post_tag","embeddable":true,"href":"https:\/\/blogdorogeriogomes.com.br\/noticias\/wp-json\/wp\/v2\/tags?post=14450"}],"curies":[{"name":"wp","href":"https:\/\/api.w.org\/{rel}","templated":true}]}}