{"id":14453,"date":"2019-11-04T20:30:53","date_gmt":"2019-11-04T20:30:53","guid":{"rendered":"http:\/\/blogdorogeriogomes.com.br\/?p=14453"},"modified":"2019-11-04T20:30:53","modified_gmt":"2019-11-04T20:30:53","slug":"governo-do-estado-e-prefeitura-de-fortaleza-vao-prestar-dupla-homenagem-ao-corpo-de-bombeiros","status":"publish","type":"post","link":"https:\/\/blogdorogeriogomes.com.br\/noticias\/2019\/11\/governo-do-estado-e-prefeitura-de-fortaleza-vao-prestar-dupla-homenagem-ao-corpo-de-bombeiros\/","title":{"rendered":"Governo do Estado e Prefeitura de Fortaleza v\u00e3o prestar dupla homenagem ao Corpo de Bombeiros"},"content":{"rendered":"<p><img loading=\"lazy\" decoding=\"async\" class=\"alignnone size-medium wp-image-14454\" src=\"http:\/\/blogdorogeriogomes.com.br\/wp-content\/uploads\/2019\/11\/IMG_20191104_172657_839-300x210.jpg\" alt=\"IMG_20191104_172657_839\" width=\"300\" height=\"210\" srcset=\"https:\/\/blogdorogeriogomes.com.br\/noticias\/wp-content\/uploads\/2019\/11\/IMG_20191104_172657_839-300x210.jpg 300w, https:\/\/blogdorogeriogomes.com.br\/noticias\/wp-content\/uploads\/2019\/11\/IMG_20191104_172657_839-768x538.jpg 768w, https:\/\/blogdorogeriogomes.com.br\/noticias\/wp-content\/uploads\/2019\/11\/IMG_20191104_172657_839-1024x718.jpg 1024w, https:\/\/blogdorogeriogomes.com.br\/noticias\/wp-content\/uploads\/2019\/11\/IMG_20191104_172657_839.jpg 1218w\" sizes=\"auto, (max-width: 300px) 100vw, 300px\" \/><\/p>\n<p>O Governo do Estado e a Prefeitura de Fortaleza far\u00e3o duas justas homenagens ao Corpo de Bombeiros pelo trabalho realizado na opera\u00e7\u00e3o de busca e resgate \u00e0s v\u00edtimas do desabamento do Edif\u00edcio Andr\u00e9a: a corpora\u00e7\u00e3o receber\u00e1 a Medalha da Aboli\u00e7\u00e3o, principal comenda do Estado, e a Medalha Drag\u00e3o do Mar para atos de hero\u00edsmo e bravura, criada neste ano pelo Munic\u00edpio. \u201cAproveito para agradecer novamente a todos aqueles que se dedicaram de forma her\u00f3ica, durante v\u00e1rios dias, para salvar as v\u00edtimas do desabamento\u201d, disse o governador Camilo Santana.<\/p>\n","protected":false},"excerpt":{"rendered":"<p>O Governo do Estado e a Prefeitura de Fortaleza far\u00e3o duas justas homenagens ao Corpo de Bombeiros pelo trabalho realizado na opera\u00e7\u00e3o de busca e resgate \u00e0s v\u00edtimas do desabamento do Edif\u00edcio Andr\u00e9a: a corpora\u00e7\u00e3o receber\u00e1 a Medalha da Aboli\u00e7\u00e3o, principal comenda do Estado, e a Medalha Drag\u00e3o do Mar para atos de hero\u00edsmo e bravura, criada neste ano pelo Munic\u00edpio. \u201cAproveito para agradecer novamente a todos aqueles que se dedicaram de forma her\u00f3ica, durante v\u00e1rios dias, para salvar&hellip;<\/p>\n","protected":false},"author":1,"featured_media":0,"comment_status":"open","ping_status":"open","sticky":false,"template":"","format":"standard","meta":{"footnotes":""},"categories":[1],"tags":[],"class_list":["post-14453","post","type-post","status-publish","format-standard","hentry","category-noticias"],"_links":{"self":[{"href":"https:\/\/blogdorogeriogomes.com.br\/noticias\/wp-json\/wp\/v2\/posts\/14453","targetHints":{"allow":["GET"]}}],"collection":[{"href":"https:\/\/blogdorogeriogomes.com.br\/noticias\/wp-json\/wp\/v2\/posts"}],"about":[{"href":"https:\/\/blogdorogeriogomes.com.br\/noticias\/wp-json\/wp\/v2\/types\/post"}],"author":[{"embeddable":true,"href":"https:\/\/blogdorogeriogomes.com.br\/noticias\/wp-json\/wp\/v2\/users\/1"}],"replies":[{"embeddable":true,"href":"https:\/\/blogdorogeriogomes.com.br\/noticias\/wp-json\/wp\/v2\/comments?post=14453"}],"version-history":[{"count":1,"href":"https:\/\/blogdorogeriogomes.com.br\/noticias\/wp-json\/wp\/v2\/posts\/14453\/revisions"}],"predecessor-version":[{"id":14455,"href":"https:\/\/blogdorogeriogomes.com.br\/noticias\/wp-json\/wp\/v2\/posts\/14453\/revisions\/14455"}],"wp:attachment":[{"href":"https:\/\/blogdorogeriogomes.com.br\/noticias\/wp-json\/wp\/v2\/media?parent=14453"}],"wp:term":[{"taxonomy":"category","embeddable":true,"href":"https:\/\/blogdorogeriogomes.com.br\/noticias\/wp-json\/wp\/v2\/categories?post=14453"},{"taxonomy":"post_tag","embeddable":true,"href":"https:\/\/blogdorogeriogomes.com.br\/noticias\/wp-json\/wp\/v2\/tags?post=14453"}],"curies":[{"name":"wp","href":"https:\/\/api.w.org\/{rel}","templated":true}]}}