{"id":14456,"date":"2019-11-05T08:47:20","date_gmt":"2019-11-05T08:47:20","guid":{"rendered":"http:\/\/blogdorogeriogomes.com.br\/?p=14456"},"modified":"2019-11-05T08:47:20","modified_gmt":"2019-11-05T08:47:20","slug":"eua-negam-abertura-de-mercado-para-a-carne-bovina-brasileira","status":"publish","type":"post","link":"https:\/\/blogdorogeriogomes.com.br\/noticias\/2019\/11\/eua-negam-abertura-de-mercado-para-a-carne-bovina-brasileira\/","title":{"rendered":"EUA negam abertura de mercado para a carne bovina brasileira"},"content":{"rendered":"<p><img loading=\"lazy\" decoding=\"async\" class=\"alignnone size-medium wp-image-14457\" src=\"http:\/\/blogdorogeriogomes.com.br\/wp-content\/uploads\/2019\/11\/IMG_20191105_054055_738-300x262.jpg\" alt=\"IMG_20191105_054055_738\" width=\"300\" height=\"262\" srcset=\"https:\/\/blogdorogeriogomes.com.br\/noticias\/wp-content\/uploads\/2019\/11\/IMG_20191105_054055_738-300x262.jpg 300w, https:\/\/blogdorogeriogomes.com.br\/noticias\/wp-content\/uploads\/2019\/11\/IMG_20191105_054055_738.jpg 586w\" sizes=\"auto, (max-width: 300px) 100vw, 300px\" \/><\/p>\n<p>A pol\u00edtica subserviente do presidente Jair Bolsonaro aos Estados Unidos n\u00e3o disse ainda a que veio. Muitas concess\u00f5es e nada em troca. O \u00faltimo rev\u00e9s foi no setor da carne brasileira. O Governo Trump negou a abertura de seu mercado para a carne bovina in natura do Brasil. A negocia\u00e7\u00e3o estava inclu\u00edda na chamada parceria estrat\u00e9gica acertada com o presidente Donald Trump.<br \/>\nA decis\u00e3o dos EUA \u00e9 resultado de uma inspe\u00e7\u00e3o t\u00e9cnica liderada pelo Departamento de Agricultura no Brasil, cujo relat\u00f3rio foi disponibilizado para o governo brasileiro na \u00faltima quinta-feira, dia 30 de outubro.<br \/>\nA ministra da Agricultura, Tereza Cristina, ficou decepcionada com o teor do relat\u00f3rio por considerar que todas as informa\u00e7\u00f5es solicitadas pelos EUA tinham sido esclarecidas.<\/p>\n","protected":false},"excerpt":{"rendered":"<p>A pol\u00edtica subserviente do presidente Jair Bolsonaro aos Estados Unidos n\u00e3o disse ainda a que veio. Muitas concess\u00f5es e nada em troca. O \u00faltimo rev\u00e9s foi no setor da carne brasileira. O Governo Trump negou a abertura de seu mercado para a carne bovina in natura do Brasil. A negocia\u00e7\u00e3o estava inclu\u00edda na chamada parceria estrat\u00e9gica acertada com o presidente Donald Trump. A decis\u00e3o dos EUA \u00e9 resultado de uma inspe\u00e7\u00e3o t\u00e9cnica liderada pelo Departamento de Agricultura no Brasil,&hellip;<\/p>\n","protected":false},"author":1,"featured_media":0,"comment_status":"open","ping_status":"open","sticky":false,"template":"","format":"standard","meta":{"footnotes":""},"categories":[1],"tags":[],"class_list":["post-14456","post","type-post","status-publish","format-standard","hentry","category-noticias"],"_links":{"self":[{"href":"https:\/\/blogdorogeriogomes.com.br\/noticias\/wp-json\/wp\/v2\/posts\/14456","targetHints":{"allow":["GET"]}}],"collection":[{"href":"https:\/\/blogdorogeriogomes.com.br\/noticias\/wp-json\/wp\/v2\/posts"}],"about":[{"href":"https:\/\/blogdorogeriogomes.com.br\/noticias\/wp-json\/wp\/v2\/types\/post"}],"author":[{"embeddable":true,"href":"https:\/\/blogdorogeriogomes.com.br\/noticias\/wp-json\/wp\/v2\/users\/1"}],"replies":[{"embeddable":true,"href":"https:\/\/blogdorogeriogomes.com.br\/noticias\/wp-json\/wp\/v2\/comments?post=14456"}],"version-history":[{"count":1,"href":"https:\/\/blogdorogeriogomes.com.br\/noticias\/wp-json\/wp\/v2\/posts\/14456\/revisions"}],"predecessor-version":[{"id":14458,"href":"https:\/\/blogdorogeriogomes.com.br\/noticias\/wp-json\/wp\/v2\/posts\/14456\/revisions\/14458"}],"wp:attachment":[{"href":"https:\/\/blogdorogeriogomes.com.br\/noticias\/wp-json\/wp\/v2\/media?parent=14456"}],"wp:term":[{"taxonomy":"category","embeddable":true,"href":"https:\/\/blogdorogeriogomes.com.br\/noticias\/wp-json\/wp\/v2\/categories?post=14456"},{"taxonomy":"post_tag","embeddable":true,"href":"https:\/\/blogdorogeriogomes.com.br\/noticias\/wp-json\/wp\/v2\/tags?post=14456"}],"curies":[{"name":"wp","href":"https:\/\/api.w.org\/{rel}","templated":true}]}}