{"id":14459,"date":"2019-11-05T09:15:21","date_gmt":"2019-11-05T09:15:21","guid":{"rendered":"http:\/\/blogdorogeriogomes.com.br\/?p=14459"},"modified":"2019-11-05T09:15:21","modified_gmt":"2019-11-05T09:15:21","slug":"porteiro-que-prestou-depoimento-nao-e-o-mesmo-que-diz-ter-falado-com-bolsonaro-diz-o-globo","status":"publish","type":"post","link":"https:\/\/blogdorogeriogomes.com.br\/noticias\/2019\/11\/porteiro-que-prestou-depoimento-nao-e-o-mesmo-que-diz-ter-falado-com-bolsonaro-diz-o-globo\/","title":{"rendered":"Porteiro que prestou depoimento n\u00e3o \u00e9 o mesmo que diz ter falado com Bolsonaro, diz O Globo"},"content":{"rendered":"<p><img loading=\"lazy\" decoding=\"async\" class=\"alignnone size-medium wp-image-14460\" src=\"http:\/\/blogdorogeriogomes.com.br\/wp-content\/uploads\/2019\/11\/IMG_20191105_055935_946-300x235.jpg\" alt=\"IMG_20191105_055935_946\" width=\"300\" height=\"235\" srcset=\"https:\/\/blogdorogeriogomes.com.br\/noticias\/wp-content\/uploads\/2019\/11\/IMG_20191105_055935_946-300x235.jpg 300w, https:\/\/blogdorogeriogomes.com.br\/noticias\/wp-content\/uploads\/2019\/11\/IMG_20191105_055935_946.jpg 578w\" sizes=\"auto, (max-width: 300px) 100vw, 300px\" \/><\/p>\n<p>A Pol\u00edcia Civil do Rio de Janeiro concluiu, nesta segunda-feira, 4, que o porteiro que prestou depoimento e anotou no livro a entrada de um dos assassinos de Marielle Franco na casa de Jair Bolsonaro n\u00e3o \u00e9 o mesmo que diz ter falado com Bolsonaro no \u00e1udio. A informa\u00e7\u00e3o \u00e9 do jornalista Lauro Jardim, do O Globo.<br \/>\nA liga\u00e7\u00e3o foi divulgada por Carlos Bolsonaro e esteve em per\u00edcia por duas horas. O porteiro que prestou depoimento em outubro e diz ter ouvido a permiss\u00e3o que, segundo o funcion\u00e1rio, era de &#8220;Seu Jair&#8221;, estava de f\u00e9rias. Na vers\u00e3o dele, no dia do assassinato da vereadora Marielle Franco, Jair Bolsonaro autorizou a entrada de \u00c9lcio de Queiroz, suspeito de dirigir no momento do crime. No condom\u00ednio Vivendas da Barra, no Rio de Janeiro, vivia Jair Bolsonaro, quando ainda era deputado federal, e ainda mora seu filho, Carlos Bolsonaro.<br \/>\nOs l\u00edderes da oposi\u00e7\u00e3o na C\u00e2mara e no Senado, Alessandro Molon e Randolfe Rodrigues, entraram com um pedido no Minist\u00e9rio P\u00fablico do Rio de Janeiro pedindo que seja realizada uma nova per\u00edcia nos equipamentos de onde foram retiradas as grava\u00e7\u00f5es da portaria do condom\u00ednio Vivendas da Barra.<\/p>\n","protected":false},"excerpt":{"rendered":"<p>A Pol\u00edcia Civil do Rio de Janeiro concluiu, nesta segunda-feira, 4, que o porteiro que prestou depoimento e anotou no livro a entrada de um dos assassinos de Marielle Franco na casa de Jair Bolsonaro n\u00e3o \u00e9 o mesmo que diz ter falado com Bolsonaro no \u00e1udio. A informa\u00e7\u00e3o \u00e9 do jornalista Lauro Jardim, do O Globo. A liga\u00e7\u00e3o foi divulgada por Carlos Bolsonaro e esteve em per\u00edcia por duas horas. O porteiro que prestou depoimento em outubro e&hellip;<\/p>\n","protected":false},"author":1,"featured_media":0,"comment_status":"open","ping_status":"open","sticky":false,"template":"","format":"standard","meta":{"footnotes":""},"categories":[1],"tags":[],"class_list":["post-14459","post","type-post","status-publish","format-standard","hentry","category-noticias"],"_links":{"self":[{"href":"https:\/\/blogdorogeriogomes.com.br\/noticias\/wp-json\/wp\/v2\/posts\/14459","targetHints":{"allow":["GET"]}}],"collection":[{"href":"https:\/\/blogdorogeriogomes.com.br\/noticias\/wp-json\/wp\/v2\/posts"}],"about":[{"href":"https:\/\/blogdorogeriogomes.com.br\/noticias\/wp-json\/wp\/v2\/types\/post"}],"author":[{"embeddable":true,"href":"https:\/\/blogdorogeriogomes.com.br\/noticias\/wp-json\/wp\/v2\/users\/1"}],"replies":[{"embeddable":true,"href":"https:\/\/blogdorogeriogomes.com.br\/noticias\/wp-json\/wp\/v2\/comments?post=14459"}],"version-history":[{"count":1,"href":"https:\/\/blogdorogeriogomes.com.br\/noticias\/wp-json\/wp\/v2\/posts\/14459\/revisions"}],"predecessor-version":[{"id":14461,"href":"https:\/\/blogdorogeriogomes.com.br\/noticias\/wp-json\/wp\/v2\/posts\/14459\/revisions\/14461"}],"wp:attachment":[{"href":"https:\/\/blogdorogeriogomes.com.br\/noticias\/wp-json\/wp\/v2\/media?parent=14459"}],"wp:term":[{"taxonomy":"category","embeddable":true,"href":"https:\/\/blogdorogeriogomes.com.br\/noticias\/wp-json\/wp\/v2\/categories?post=14459"},{"taxonomy":"post_tag","embeddable":true,"href":"https:\/\/blogdorogeriogomes.com.br\/noticias\/wp-json\/wp\/v2\/tags?post=14459"}],"curies":[{"name":"wp","href":"https:\/\/api.w.org\/{rel}","templated":true}]}}