{"id":14462,"date":"2019-11-05T20:31:08","date_gmt":"2019-11-05T20:31:08","guid":{"rendered":"http:\/\/blogdorogeriogomes.com.br\/?p=14462"},"modified":"2019-11-05T20:31:08","modified_gmt":"2019-11-05T20:31:08","slug":"secult-recebe-novos-servidores-concursados-e-lanca-plano-de-gestao-2019-2022","status":"publish","type":"post","link":"https:\/\/blogdorogeriogomes.com.br\/noticias\/2019\/11\/secult-recebe-novos-servidores-concursados-e-lanca-plano-de-gestao-2019-2022\/","title":{"rendered":"Secult recebe novos servidores concursados e lan\u00e7a Plano de Gest\u00e3o 2019-2022"},"content":{"rendered":"<p><img loading=\"lazy\" decoding=\"async\" class=\"alignnone size-medium wp-image-14463\" src=\"http:\/\/blogdorogeriogomes.com.br\/wp-content\/uploads\/2019\/11\/IMG_20191105_172422_877-300x221.jpg\" alt=\"IMG_20191105_172422_877\" width=\"300\" height=\"221\" srcset=\"https:\/\/blogdorogeriogomes.com.br\/noticias\/wp-content\/uploads\/2019\/11\/IMG_20191105_172422_877-300x221.jpg 300w, https:\/\/blogdorogeriogomes.com.br\/noticias\/wp-content\/uploads\/2019\/11\/IMG_20191105_172422_877-768x566.jpg 768w, https:\/\/blogdorogeriogomes.com.br\/noticias\/wp-content\/uploads\/2019\/11\/IMG_20191105_172422_877-1024x755.jpg 1024w, https:\/\/blogdorogeriogomes.com.br\/noticias\/wp-content\/uploads\/2019\/11\/IMG_20191105_172422_877.jpg 1086w\" sizes=\"auto, (max-width: 300px) 100vw, 300px\" \/><\/p>\n<p>O Dia Nacional da Cultura, que transcorre neste 5 de novembro, foi comemorado no Cear\u00e1 com a convoca\u00e7\u00e3o dos novos concursados da Secretaria da Cultura do Estado (Secult) e lan\u00e7amento do Plano de Gest\u00e3o 2019-2022 de Cultura, durante solenidade no Pal\u00e1cio da Aboli\u00e7\u00e3o, em Fortaleza.<br \/>\nS\u00e3o 102 vagas abertas neste que \u00e9 o primeiro concurso da pasta, criada em 1966. A Secult ganha o aporte de 55 analistas de cultura, 17 bibliotec\u00e1rios, dez historiadores, oito analistas de patrim\u00f4nio, quatro arquivistas, quatro muse\u00f3logos, dois antrop\u00f3logos e dois soci\u00f3logos.<br \/>\nDe acordo com o secret\u00e1rio de Cultura do Estado, Fabiano Pi\u00faba, o Plano de Gest\u00e3o 2019-2022 de Cultura no Cear\u00e1 contempla a cria\u00e7\u00e3o de novos equipamentos, como Esta\u00e7\u00e3o das Artes, em Fortaleza, e o Centro Cultural do Cariri, na cidade do Crato, al\u00e9m do lan\u00e7amento de novos editais.<\/p>\n","protected":false},"excerpt":{"rendered":"<p>O Dia Nacional da Cultura, que transcorre neste 5 de novembro, foi comemorado no Cear\u00e1 com a convoca\u00e7\u00e3o dos novos concursados da Secretaria da Cultura do Estado (Secult) e lan\u00e7amento do Plano de Gest\u00e3o 2019-2022 de Cultura, durante solenidade no Pal\u00e1cio da Aboli\u00e7\u00e3o, em Fortaleza. S\u00e3o 102 vagas abertas neste que \u00e9 o primeiro concurso da pasta, criada em 1966. A Secult ganha o aporte de 55 analistas de cultura, 17 bibliotec\u00e1rios, dez historiadores, oito analistas de patrim\u00f4nio, quatro&hellip;<\/p>\n","protected":false},"author":1,"featured_media":0,"comment_status":"open","ping_status":"open","sticky":false,"template":"","format":"standard","meta":{"footnotes":""},"categories":[1],"tags":[],"class_list":["post-14462","post","type-post","status-publish","format-standard","hentry","category-noticias"],"_links":{"self":[{"href":"https:\/\/blogdorogeriogomes.com.br\/noticias\/wp-json\/wp\/v2\/posts\/14462","targetHints":{"allow":["GET"]}}],"collection":[{"href":"https:\/\/blogdorogeriogomes.com.br\/noticias\/wp-json\/wp\/v2\/posts"}],"about":[{"href":"https:\/\/blogdorogeriogomes.com.br\/noticias\/wp-json\/wp\/v2\/types\/post"}],"author":[{"embeddable":true,"href":"https:\/\/blogdorogeriogomes.com.br\/noticias\/wp-json\/wp\/v2\/users\/1"}],"replies":[{"embeddable":true,"href":"https:\/\/blogdorogeriogomes.com.br\/noticias\/wp-json\/wp\/v2\/comments?post=14462"}],"version-history":[{"count":1,"href":"https:\/\/blogdorogeriogomes.com.br\/noticias\/wp-json\/wp\/v2\/posts\/14462\/revisions"}],"predecessor-version":[{"id":14464,"href":"https:\/\/blogdorogeriogomes.com.br\/noticias\/wp-json\/wp\/v2\/posts\/14462\/revisions\/14464"}],"wp:attachment":[{"href":"https:\/\/blogdorogeriogomes.com.br\/noticias\/wp-json\/wp\/v2\/media?parent=14462"}],"wp:term":[{"taxonomy":"category","embeddable":true,"href":"https:\/\/blogdorogeriogomes.com.br\/noticias\/wp-json\/wp\/v2\/categories?post=14462"},{"taxonomy":"post_tag","embeddable":true,"href":"https:\/\/blogdorogeriogomes.com.br\/noticias\/wp-json\/wp\/v2\/tags?post=14462"}],"curies":[{"name":"wp","href":"https:\/\/api.w.org\/{rel}","templated":true}]}}