{"id":14465,"date":"2019-11-05T21:32:01","date_gmt":"2019-11-05T21:32:01","guid":{"rendered":"http:\/\/blogdorogeriogomes.com.br\/?p=14465"},"modified":"2019-11-05T21:32:01","modified_gmt":"2019-11-05T21:32:01","slug":"governo-bolsonaro-apresenta-pacote-economico-com-tres-pecs-ao-congresso-nacional","status":"publish","type":"post","link":"https:\/\/blogdorogeriogomes.com.br\/noticias\/2019\/11\/governo-bolsonaro-apresenta-pacote-economico-com-tres-pecs-ao-congresso-nacional\/","title":{"rendered":"Governo Bolsonaro apresenta pacote econ\u00f4mico com tr\u00eas PECs ao Congresso Nacional"},"content":{"rendered":"<p><img loading=\"lazy\" decoding=\"async\" class=\"alignnone size-medium wp-image-14466\" src=\"http:\/\/blogdorogeriogomes.com.br\/wp-content\/uploads\/2019\/11\/IMG_20191105_182509_749-300x261.jpg\" alt=\"IMG_20191105_182509_749\" width=\"300\" height=\"261\" srcset=\"https:\/\/blogdorogeriogomes.com.br\/noticias\/wp-content\/uploads\/2019\/11\/IMG_20191105_182509_749-300x261.jpg 300w, https:\/\/blogdorogeriogomes.com.br\/noticias\/wp-content\/uploads\/2019\/11\/IMG_20191105_182509_749.jpg 470w\" sizes=\"auto, (max-width: 300px) 100vw, 300px\" \/><\/p>\n<p>O Governo Bolsonaro entregou nesta ter\u00e7a-feira, dia 5 de novembro, tr\u00eas Propostas de Emenda \u00e0 Constitui\u00e7\u00e3o (PEC) para an\u00e1lise do Congresso Nacional, que impactam diretamente em flexibilidade no Or\u00e7amento, a\u00e7\u00f5es para elevar os repasses de recursos a estados e munic\u00edpios e de emerg\u00eancia fiscal, que institui gatilhos para conter gastos p\u00fablicos.<br \/>\nIntitulado de Plano Mais Brasil e encampado pelo ministro da Economia, Paulo Guedes, o pacote passa, segundo o experiente jornalista econ\u00f4mico Jos\u00e9 Paulo Kupfer, pela tentativa de \u201ctransferir tanto quanto poss\u00edvel para o setor privado responsabilidades, inclusive sociais, hoje mantidas pelo Estado\u201d.<br \/>\nKupfer teme que aconte\u00e7a no Brasil do futuro, o mesmo que vem vivendo o Chile. \u201cA privatiza\u00e7\u00e3o quase completa dos servi\u00e7os p\u00fablicos b\u00e1sicos, assim como das aposentadorias, resultou em queda acentuada no bem-estar da popula\u00e7\u00e3o mais vulner\u00e1vel\u201d, disse.<br \/>\nUma das PECs, propostas por Paulo Guedes, \u00e9 o chamado Pacto Federativo, que inclui a extin\u00e7\u00e3o de munic\u00edpios brasileiros. Pela proposta, munic\u00edpios com menos de 5.000 habitantes e arrecada\u00e7\u00e3o pr\u00f3pria menor que 10% da receita total ser\u00e3o incorporados pelo munic\u00edpio vizinho. Al\u00e9m disso, ser\u00e3o criadas restri\u00e7\u00f5es para cria\u00e7\u00e3o de novas cidades.<br \/>\nSegundo o Governo Federal, 1.254 munic\u00edpios se encaixam nessas condi\u00e7\u00f5es hoje e seriam incorporados a cidades vizinhas a partir de 2026. O n\u00famero representa 22,5% do total de munic\u00edpios brasileiros.<\/p>\n","protected":false},"excerpt":{"rendered":"<p>O Governo Bolsonaro entregou nesta ter\u00e7a-feira, dia 5 de novembro, tr\u00eas Propostas de Emenda \u00e0 Constitui\u00e7\u00e3o (PEC) para an\u00e1lise do Congresso Nacional, que impactam diretamente em flexibilidade no Or\u00e7amento, a\u00e7\u00f5es para elevar os repasses de recursos a estados e munic\u00edpios e de emerg\u00eancia fiscal, que institui gatilhos para conter gastos p\u00fablicos. Intitulado de Plano Mais Brasil e encampado pelo ministro da Economia, Paulo Guedes, o pacote passa, segundo o experiente jornalista econ\u00f4mico Jos\u00e9 Paulo Kupfer, pela tentativa de \u201ctransferir&hellip;<\/p>\n","protected":false},"author":1,"featured_media":0,"comment_status":"open","ping_status":"open","sticky":false,"template":"","format":"standard","meta":{"footnotes":""},"categories":[1],"tags":[],"class_list":["post-14465","post","type-post","status-publish","format-standard","hentry","category-noticias"],"_links":{"self":[{"href":"https:\/\/blogdorogeriogomes.com.br\/noticias\/wp-json\/wp\/v2\/posts\/14465","targetHints":{"allow":["GET"]}}],"collection":[{"href":"https:\/\/blogdorogeriogomes.com.br\/noticias\/wp-json\/wp\/v2\/posts"}],"about":[{"href":"https:\/\/blogdorogeriogomes.com.br\/noticias\/wp-json\/wp\/v2\/types\/post"}],"author":[{"embeddable":true,"href":"https:\/\/blogdorogeriogomes.com.br\/noticias\/wp-json\/wp\/v2\/users\/1"}],"replies":[{"embeddable":true,"href":"https:\/\/blogdorogeriogomes.com.br\/noticias\/wp-json\/wp\/v2\/comments?post=14465"}],"version-history":[{"count":1,"href":"https:\/\/blogdorogeriogomes.com.br\/noticias\/wp-json\/wp\/v2\/posts\/14465\/revisions"}],"predecessor-version":[{"id":14467,"href":"https:\/\/blogdorogeriogomes.com.br\/noticias\/wp-json\/wp\/v2\/posts\/14465\/revisions\/14467"}],"wp:attachment":[{"href":"https:\/\/blogdorogeriogomes.com.br\/noticias\/wp-json\/wp\/v2\/media?parent=14465"}],"wp:term":[{"taxonomy":"category","embeddable":true,"href":"https:\/\/blogdorogeriogomes.com.br\/noticias\/wp-json\/wp\/v2\/categories?post=14465"},{"taxonomy":"post_tag","embeddable":true,"href":"https:\/\/blogdorogeriogomes.com.br\/noticias\/wp-json\/wp\/v2\/tags?post=14465"}],"curies":[{"name":"wp","href":"https:\/\/api.w.org\/{rel}","templated":true}]}}