{"id":14469,"date":"2019-11-06T08:44:05","date_gmt":"2019-11-06T08:44:05","guid":{"rendered":"http:\/\/blogdorogeriogomes.com.br\/?p=14469"},"modified":"2019-11-06T08:44:05","modified_gmt":"2019-11-06T08:44:05","slug":"pf-pede-prisao-de-dilma-rousseff-mas-ministro-do-stf-edson-fachin-nega","status":"publish","type":"post","link":"https:\/\/blogdorogeriogomes.com.br\/noticias\/2019\/11\/pf-pede-prisao-de-dilma-rousseff-mas-ministro-do-stf-edson-fachin-nega\/","title":{"rendered":"PF pede pris\u00e3o de Dilma Rousseff, mas ministro do STF, Edson Fachin, nega"},"content":{"rendered":"<p><img loading=\"lazy\" decoding=\"async\" class=\"alignnone size-medium wp-image-14470\" src=\"http:\/\/blogdorogeriogomes.com.br\/wp-content\/uploads\/2019\/11\/IMG_20191106_053704_530-300x239.jpg\" alt=\"IMG_20191106_053704_530\" width=\"300\" height=\"239\" srcset=\"https:\/\/blogdorogeriogomes.com.br\/noticias\/wp-content\/uploads\/2019\/11\/IMG_20191106_053704_530-300x239.jpg 300w, https:\/\/blogdorogeriogomes.com.br\/noticias\/wp-content\/uploads\/2019\/11\/IMG_20191106_053704_530.jpg 535w\" sizes=\"auto, (max-width: 300px) 100vw, 300px\" \/><\/p>\n<p>A Pol\u00edcia Federal pediu a pris\u00e3o tempor\u00e1ria da ex-presidente Dilma Rousseff (PT) em inqu\u00e9rito que apura se a JBS fez, a pedido do PT, doa\u00e7\u00f5es il\u00edcitas de R$ 40 milh\u00f5es a aliados dela nas elei\u00e7\u00f5es de 2014. A medida, no entanto, foi negada pelo ministro Edson Fachin, do STF (Supremo Tribunal Federal).<br \/>\nA representa\u00e7\u00e3o foi enviada \u00e0 corte, em 26 de junho, pelo delegado Bernardo Guidali Amaral. Ele tamb\u00e9m requereu as pris\u00f5es tempor\u00e1rias (de cinco dias, renov\u00e1veis) do ex-ministro da Fazenda Guido Mantega, do ministro do TCU (Tribunal de Contas da Uni\u00e3o) Vital do R\u00eago, dos ex-senadores Eun\u00edcio Oliveira (MDB-CE) e Valdir Raupp (MDB-RO), e mais cinco pessoas.<br \/>\nPelas redes sociais, a presidente nacional do PT, Gleisi Hoffmann, acusou o ministro da Justi\u00e7a, S\u00e9rgio Moro, de usar a Pol\u00edcia Federal &#8220;descaradamente&#8221; em pedido de pris\u00e3o de Dilma Rousseff. Para Gleisi, S\u00e9rgio Moro usou &#8220;a PF para tentar criar esc\u00e2ndalo e encobrir os crimes da fam\u00edlia Bolsonaro no caso Marielle\/Anderson&#8221;.<\/p>\n","protected":false},"excerpt":{"rendered":"<p>A Pol\u00edcia Federal pediu a pris\u00e3o tempor\u00e1ria da ex-presidente Dilma Rousseff (PT) em inqu\u00e9rito que apura se a JBS fez, a pedido do PT, doa\u00e7\u00f5es il\u00edcitas de R$ 40 milh\u00f5es a aliados dela nas elei\u00e7\u00f5es de 2014. A medida, no entanto, foi negada pelo ministro Edson Fachin, do STF (Supremo Tribunal Federal). A representa\u00e7\u00e3o foi enviada \u00e0 corte, em 26 de junho, pelo delegado Bernardo Guidali Amaral. Ele tamb\u00e9m requereu as pris\u00f5es tempor\u00e1rias (de cinco dias, renov\u00e1veis) do ex-ministro&hellip;<\/p>\n","protected":false},"author":1,"featured_media":0,"comment_status":"open","ping_status":"open","sticky":false,"template":"","format":"standard","meta":{"footnotes":""},"categories":[1],"tags":[],"class_list":["post-14469","post","type-post","status-publish","format-standard","hentry","category-noticias"],"_links":{"self":[{"href":"https:\/\/blogdorogeriogomes.com.br\/noticias\/wp-json\/wp\/v2\/posts\/14469","targetHints":{"allow":["GET"]}}],"collection":[{"href":"https:\/\/blogdorogeriogomes.com.br\/noticias\/wp-json\/wp\/v2\/posts"}],"about":[{"href":"https:\/\/blogdorogeriogomes.com.br\/noticias\/wp-json\/wp\/v2\/types\/post"}],"author":[{"embeddable":true,"href":"https:\/\/blogdorogeriogomes.com.br\/noticias\/wp-json\/wp\/v2\/users\/1"}],"replies":[{"embeddable":true,"href":"https:\/\/blogdorogeriogomes.com.br\/noticias\/wp-json\/wp\/v2\/comments?post=14469"}],"version-history":[{"count":1,"href":"https:\/\/blogdorogeriogomes.com.br\/noticias\/wp-json\/wp\/v2\/posts\/14469\/revisions"}],"predecessor-version":[{"id":14471,"href":"https:\/\/blogdorogeriogomes.com.br\/noticias\/wp-json\/wp\/v2\/posts\/14469\/revisions\/14471"}],"wp:attachment":[{"href":"https:\/\/blogdorogeriogomes.com.br\/noticias\/wp-json\/wp\/v2\/media?parent=14469"}],"wp:term":[{"taxonomy":"category","embeddable":true,"href":"https:\/\/blogdorogeriogomes.com.br\/noticias\/wp-json\/wp\/v2\/categories?post=14469"},{"taxonomy":"post_tag","embeddable":true,"href":"https:\/\/blogdorogeriogomes.com.br\/noticias\/wp-json\/wp\/v2\/tags?post=14469"}],"curies":[{"name":"wp","href":"https:\/\/api.w.org\/{rel}","templated":true}]}}