{"id":14472,"date":"2019-11-06T08:59:50","date_gmt":"2019-11-06T08:59:50","guid":{"rendered":"http:\/\/blogdorogeriogomes.com.br\/?p=14472"},"modified":"2019-11-06T08:59:50","modified_gmt":"2019-11-06T08:59:50","slug":"procon-fortaleza-inicia-operacao-material-escolar-2020","status":"publish","type":"post","link":"https:\/\/blogdorogeriogomes.com.br\/noticias\/2019\/11\/procon-fortaleza-inicia-operacao-material-escolar-2020\/","title":{"rendered":"Procon Fortaleza inicia opera\u00e7\u00e3o Material Escolar 2020"},"content":{"rendered":"<p><img loading=\"lazy\" decoding=\"async\" class=\"alignnone size-medium wp-image-14474\" src=\"http:\/\/blogdorogeriogomes.com.br\/wp-content\/uploads\/2019\/11\/IMG_20191106_055551_763-300x216.jpg\" alt=\"IMG_20191106_055551_763\" width=\"300\" height=\"216\" srcset=\"https:\/\/blogdorogeriogomes.com.br\/noticias\/wp-content\/uploads\/2019\/11\/IMG_20191106_055551_763-300x216.jpg 300w, https:\/\/blogdorogeriogomes.com.br\/noticias\/wp-content\/uploads\/2019\/11\/IMG_20191106_055551_763.jpg 571w\" sizes=\"auto, (max-width: 300px) 100vw, 300px\" \/><\/p>\n<p>O Procon Fortaleza iniciou, nesta semana, a opera\u00e7\u00e3o Material Escolar 2020. Todas as 365 escolas particulares da capital devem receber uma notifica\u00e7\u00e3o do Procon Fortaleza, que est\u00e1 requisitando a entrega da lista de material escolar, em at\u00e9 dez dias corridos. A quantidade de escolas pode ainda aumentar, caso algumas institui\u00e7\u00f5es de ensino n\u00e3o constem na lista do Procon.<br \/>\nO \u00f3rg\u00e3o de defesa do consumidor vai analisar se na lista de material escolar h\u00e1 itens de uso coletivo. As escolas n\u00e3o podem obrigar pais e alunos a comprar itens considerados de uso coletivo, pois a obriga\u00e7\u00e3o pelo fornecimento destes materiais \u00e9 de responsabilidade da institui\u00e7\u00e3o de ensino. Marcas de produtos e especifica\u00e7\u00e3o de livrarias tamb\u00e9m n\u00e3o podem ser determinadas pelas escolas.<\/p>\n","protected":false},"excerpt":{"rendered":"<p>O Procon Fortaleza iniciou, nesta semana, a opera\u00e7\u00e3o Material Escolar 2020. Todas as 365 escolas particulares da capital devem receber uma notifica\u00e7\u00e3o do Procon Fortaleza, que est\u00e1 requisitando a entrega da lista de material escolar, em at\u00e9 dez dias corridos. A quantidade de escolas pode ainda aumentar, caso algumas institui\u00e7\u00f5es de ensino n\u00e3o constem na lista do Procon. O \u00f3rg\u00e3o de defesa do consumidor vai analisar se na lista de material escolar h\u00e1 itens de uso coletivo. As escolas&hellip;<\/p>\n","protected":false},"author":1,"featured_media":0,"comment_status":"open","ping_status":"open","sticky":false,"template":"","format":"standard","meta":{"footnotes":""},"categories":[1],"tags":[],"class_list":["post-14472","post","type-post","status-publish","format-standard","hentry","category-noticias"],"_links":{"self":[{"href":"https:\/\/blogdorogeriogomes.com.br\/noticias\/wp-json\/wp\/v2\/posts\/14472","targetHints":{"allow":["GET"]}}],"collection":[{"href":"https:\/\/blogdorogeriogomes.com.br\/noticias\/wp-json\/wp\/v2\/posts"}],"about":[{"href":"https:\/\/blogdorogeriogomes.com.br\/noticias\/wp-json\/wp\/v2\/types\/post"}],"author":[{"embeddable":true,"href":"https:\/\/blogdorogeriogomes.com.br\/noticias\/wp-json\/wp\/v2\/users\/1"}],"replies":[{"embeddable":true,"href":"https:\/\/blogdorogeriogomes.com.br\/noticias\/wp-json\/wp\/v2\/comments?post=14472"}],"version-history":[{"count":1,"href":"https:\/\/blogdorogeriogomes.com.br\/noticias\/wp-json\/wp\/v2\/posts\/14472\/revisions"}],"predecessor-version":[{"id":14475,"href":"https:\/\/blogdorogeriogomes.com.br\/noticias\/wp-json\/wp\/v2\/posts\/14472\/revisions\/14475"}],"wp:attachment":[{"href":"https:\/\/blogdorogeriogomes.com.br\/noticias\/wp-json\/wp\/v2\/media?parent=14472"}],"wp:term":[{"taxonomy":"category","embeddable":true,"href":"https:\/\/blogdorogeriogomes.com.br\/noticias\/wp-json\/wp\/v2\/categories?post=14472"},{"taxonomy":"post_tag","embeddable":true,"href":"https:\/\/blogdorogeriogomes.com.br\/noticias\/wp-json\/wp\/v2\/tags?post=14472"}],"curies":[{"name":"wp","href":"https:\/\/api.w.org\/{rel}","templated":true}]}}