{"id":14479,"date":"2019-11-06T20:47:43","date_gmt":"2019-11-06T20:47:43","guid":{"rendered":"http:\/\/blogdorogeriogomes.com.br\/?p=14479"},"modified":"2019-11-06T20:47:43","modified_gmt":"2019-11-06T20:47:43","slug":"assembleia-legislativa-realiza-sessao-itinerante-em-juazeiro-do-norte-pelos-50-anos-da-estatua-de-padre-cicero","status":"publish","type":"post","link":"https:\/\/blogdorogeriogomes.com.br\/noticias\/2019\/11\/assembleia-legislativa-realiza-sessao-itinerante-em-juazeiro-do-norte-pelos-50-anos-da-estatua-de-padre-cicero\/","title":{"rendered":"Assembleia Legislativa realiza sess\u00e3o itinerante em Juazeiro do Norte pelos 50 anos da est\u00e1tua de Padre C\u00edcero"},"content":{"rendered":"<p><img loading=\"lazy\" decoding=\"async\" class=\"alignnone size-medium wp-image-14481\" src=\"http:\/\/blogdorogeriogomes.com.br\/wp-content\/uploads\/2019\/11\/IMG_20191106_174427_198-300x300.jpg\" alt=\"IMG_20191106_174427_198\" width=\"300\" height=\"300\" srcset=\"https:\/\/blogdorogeriogomes.com.br\/noticias\/wp-content\/uploads\/2019\/11\/IMG_20191106_174427_198-300x300.jpg 300w, https:\/\/blogdorogeriogomes.com.br\/noticias\/wp-content\/uploads\/2019\/11\/IMG_20191106_174427_198-150x150.jpg 150w, https:\/\/blogdorogeriogomes.com.br\/noticias\/wp-content\/uploads\/2019\/11\/IMG_20191106_174427_198.jpg 554w\" sizes=\"auto, (max-width: 300px) 100vw, 300px\" \/><\/p>\n<p>Em comemora\u00e7\u00e3o aos 50 anos da est\u00e1tua do Padre C\u00edcero, em Juazeiro do Norte, na Regi\u00e3o do Cariri, a Assembleia Legislativa do Cear\u00e1 vai realizar uma sess\u00e3o itinerante e solene, nesta sexta-feira, dia 8 de novembro, no Memorial Padre C\u00edcero.<br \/>\n&#8220;\u00c9 uma maneira da sociedade participar de forma ativa e colocar as suas inquieta\u00e7\u00f5es. Inclusive, teremos a participa\u00e7\u00e3o do governador Camilo Santana, que vai anunciar um pacote de obras para a regi\u00e3o&#8221;, destacou o presidente da Assembleia Legislativa, deputado Jos\u00e9 Sarto (PDT).<br \/>\nA est\u00e1tua de Padre C\u00edcero, em Juazeiro do Norte, foi inaugurada em 1\u00ba de novembro de 1969 e se tornou s\u00edmbolo da religiosidade da regi\u00e3o e da import\u00e2ncia de Padre C\u00edcero para o Cariri, o Cear\u00e1 e todo o Nordeste.<\/p>\n","protected":false},"excerpt":{"rendered":"<p>Em comemora\u00e7\u00e3o aos 50 anos da est\u00e1tua do Padre C\u00edcero, em Juazeiro do Norte, na Regi\u00e3o do Cariri, a Assembleia Legislativa do Cear\u00e1 vai realizar uma sess\u00e3o itinerante e solene, nesta sexta-feira, dia 8 de novembro, no Memorial Padre C\u00edcero. &#8220;\u00c9 uma maneira da sociedade participar de forma ativa e colocar as suas inquieta\u00e7\u00f5es. Inclusive, teremos a participa\u00e7\u00e3o do governador Camilo Santana, que vai anunciar um pacote de obras para a regi\u00e3o&#8221;, destacou o presidente da Assembleia Legislativa, deputado&hellip;<\/p>\n","protected":false},"author":1,"featured_media":0,"comment_status":"open","ping_status":"open","sticky":false,"template":"","format":"standard","meta":{"footnotes":""},"categories":[1],"tags":[],"class_list":["post-14479","post","type-post","status-publish","format-standard","hentry","category-noticias"],"_links":{"self":[{"href":"https:\/\/blogdorogeriogomes.com.br\/noticias\/wp-json\/wp\/v2\/posts\/14479","targetHints":{"allow":["GET"]}}],"collection":[{"href":"https:\/\/blogdorogeriogomes.com.br\/noticias\/wp-json\/wp\/v2\/posts"}],"about":[{"href":"https:\/\/blogdorogeriogomes.com.br\/noticias\/wp-json\/wp\/v2\/types\/post"}],"author":[{"embeddable":true,"href":"https:\/\/blogdorogeriogomes.com.br\/noticias\/wp-json\/wp\/v2\/users\/1"}],"replies":[{"embeddable":true,"href":"https:\/\/blogdorogeriogomes.com.br\/noticias\/wp-json\/wp\/v2\/comments?post=14479"}],"version-history":[{"count":1,"href":"https:\/\/blogdorogeriogomes.com.br\/noticias\/wp-json\/wp\/v2\/posts\/14479\/revisions"}],"predecessor-version":[{"id":14482,"href":"https:\/\/blogdorogeriogomes.com.br\/noticias\/wp-json\/wp\/v2\/posts\/14479\/revisions\/14482"}],"wp:attachment":[{"href":"https:\/\/blogdorogeriogomes.com.br\/noticias\/wp-json\/wp\/v2\/media?parent=14479"}],"wp:term":[{"taxonomy":"category","embeddable":true,"href":"https:\/\/blogdorogeriogomes.com.br\/noticias\/wp-json\/wp\/v2\/categories?post=14479"},{"taxonomy":"post_tag","embeddable":true,"href":"https:\/\/blogdorogeriogomes.com.br\/noticias\/wp-json\/wp\/v2\/tags?post=14479"}],"curies":[{"name":"wp","href":"https:\/\/api.w.org\/{rel}","templated":true}]}}