{"id":14486,"date":"2019-11-07T08:24:17","date_gmt":"2019-11-07T08:24:17","guid":{"rendered":"http:\/\/blogdorogeriogomes.com.br\/?p=14486"},"modified":"2019-11-07T08:44:37","modified_gmt":"2019-11-07T08:44:37","slug":"governadores-do-nordeste-fecham-primeira-compra-conjunta-de-medicamentos-com-economia-de-30","status":"publish","type":"post","link":"https:\/\/blogdorogeriogomes.com.br\/noticias\/2019\/11\/governadores-do-nordeste-fecham-primeira-compra-conjunta-de-medicamentos-com-economia-de-30\/","title":{"rendered":"Governadores do Nordeste fecham primeira compra conjunta de medicamentos com economia de 30%"},"content":{"rendered":"<p><img loading=\"lazy\" decoding=\"async\" class=\"alignnone size-medium wp-image-14487\" src=\"http:\/\/blogdorogeriogomes.com.br\/wp-content\/uploads\/2019\/11\/IMG_20191107_051952_145-300x195.jpg\" alt=\"IMG_20191107_051952_145\" width=\"300\" height=\"195\" srcset=\"https:\/\/blogdorogeriogomes.com.br\/noticias\/wp-content\/uploads\/2019\/11\/IMG_20191107_051952_145-300x195.jpg 300w, https:\/\/blogdorogeriogomes.com.br\/noticias\/wp-content\/uploads\/2019\/11\/IMG_20191107_051952_145.jpg 590w\" sizes=\"auto, (max-width: 300px) 100vw, 300px\" \/><\/p>\n<p>Os governadores nordestinos Paulo C\u00e2mara (PE), Renan Filho (AL), Camilo Santana (CE), Belivaldo Chagas (SE), Jo\u00e3o Azevedo (PB), Welington Dias (PI) e F\u00e1tima Bezerra (RN), al\u00e9m dos vice-governadores Jo\u00e3o Le\u00e3o (BA) e Carlos Brand\u00e3o (MA), fizeram mais uma reuni\u00e3o do Cons\u00f3rcio do Nordeste, nesta quarta-feira, dia 6 de novembro, no Pal\u00e1cio do Campo das Princesas, em Recife, sede do Governo de Pernambuco. E anunciaram a primeira a\u00e7\u00e3o pr\u00e1tica do grupo que ser\u00e1 a compra conjunta de dez tipos de medicamentos com economia de aproximadamente 30%. A licita\u00e7\u00e3o ser\u00e1 homologada at\u00e9 o pr\u00f3ximo dia 15 de novembro.<br \/>\nA aquisi\u00e7\u00e3o coletiva gerou uma redu\u00e7\u00e3o de R$ 48 milh\u00f5es aos cofres dos governos estaduais. O valor global da aquisi\u00e7\u00e3o de medicamentos que v\u00e3o abastecer hospitais p\u00fablicos da regi\u00e3o seria de R$ 166 milh\u00f5es, se cada estado adquirisse produtos de forma individual. Com o mecanismo, a quantia a ser empregada caiu para R$ 118 milh\u00f5es.<\/p>\n","protected":false},"excerpt":{"rendered":"<p>Os governadores nordestinos Paulo C\u00e2mara (PE), Renan Filho (AL), Camilo Santana (CE), Belivaldo Chagas (SE), Jo\u00e3o Azevedo (PB), Welington Dias (PI) e F\u00e1tima Bezerra (RN), al\u00e9m dos vice-governadores Jo\u00e3o Le\u00e3o (BA) e Carlos Brand\u00e3o (MA), fizeram mais uma reuni\u00e3o do Cons\u00f3rcio do Nordeste, nesta quarta-feira, dia 6 de novembro, no Pal\u00e1cio do Campo das Princesas, em Recife, sede do Governo de Pernambuco. E anunciaram a primeira a\u00e7\u00e3o pr\u00e1tica do grupo que ser\u00e1 a compra conjunta de dez tipos de&hellip;<\/p>\n","protected":false},"author":1,"featured_media":0,"comment_status":"open","ping_status":"open","sticky":false,"template":"","format":"standard","meta":{"footnotes":""},"categories":[1],"tags":[],"class_list":["post-14486","post","type-post","status-publish","format-standard","hentry","category-noticias"],"_links":{"self":[{"href":"https:\/\/blogdorogeriogomes.com.br\/noticias\/wp-json\/wp\/v2\/posts\/14486","targetHints":{"allow":["GET"]}}],"collection":[{"href":"https:\/\/blogdorogeriogomes.com.br\/noticias\/wp-json\/wp\/v2\/posts"}],"about":[{"href":"https:\/\/blogdorogeriogomes.com.br\/noticias\/wp-json\/wp\/v2\/types\/post"}],"author":[{"embeddable":true,"href":"https:\/\/blogdorogeriogomes.com.br\/noticias\/wp-json\/wp\/v2\/users\/1"}],"replies":[{"embeddable":true,"href":"https:\/\/blogdorogeriogomes.com.br\/noticias\/wp-json\/wp\/v2\/comments?post=14486"}],"version-history":[{"count":2,"href":"https:\/\/blogdorogeriogomes.com.br\/noticias\/wp-json\/wp\/v2\/posts\/14486\/revisions"}],"predecessor-version":[{"id":14493,"href":"https:\/\/blogdorogeriogomes.com.br\/noticias\/wp-json\/wp\/v2\/posts\/14486\/revisions\/14493"}],"wp:attachment":[{"href":"https:\/\/blogdorogeriogomes.com.br\/noticias\/wp-json\/wp\/v2\/media?parent=14486"}],"wp:term":[{"taxonomy":"category","embeddable":true,"href":"https:\/\/blogdorogeriogomes.com.br\/noticias\/wp-json\/wp\/v2\/categories?post=14486"},{"taxonomy":"post_tag","embeddable":true,"href":"https:\/\/blogdorogeriogomes.com.br\/noticias\/wp-json\/wp\/v2\/tags?post=14486"}],"curies":[{"name":"wp","href":"https:\/\/api.w.org\/{rel}","templated":true}]}}