{"id":14494,"date":"2019-11-07T21:04:51","date_gmt":"2019-11-07T21:04:51","guid":{"rendered":"http:\/\/blogdorogeriogomes.com.br\/?p=14494"},"modified":"2019-11-07T21:04:51","modified_gmt":"2019-11-07T21:04:51","slug":"vereadores-de-fortaleza-aprovam-repasse-de-espigoes-e-mercado-dos-peixes-a-iniciativa-privada","status":"publish","type":"post","link":"https:\/\/blogdorogeriogomes.com.br\/noticias\/2019\/11\/vereadores-de-fortaleza-aprovam-repasse-de-espigoes-e-mercado-dos-peixes-a-iniciativa-privada\/","title":{"rendered":"Vereadores de Fortaleza aprovam repasse de espig\u00f5es e Mercado dos Peixes \u00e0 iniciativa privada"},"content":{"rendered":"<p><img loading=\"lazy\" decoding=\"async\" class=\"alignnone size-medium wp-image-14495\" src=\"http:\/\/blogdorogeriogomes.com.br\/wp-content\/uploads\/2019\/11\/IMG_20191107_175852_716-300x182.jpg\" alt=\"IMG_20191107_175852_716\" width=\"300\" height=\"182\" srcset=\"https:\/\/blogdorogeriogomes.com.br\/noticias\/wp-content\/uploads\/2019\/11\/IMG_20191107_175852_716-300x182.jpg 300w, https:\/\/blogdorogeriogomes.com.br\/noticias\/wp-content\/uploads\/2019\/11\/IMG_20191107_175852_716.jpg 685w\" sizes=\"auto, (max-width: 300px) 100vw, 300px\" \/><\/p>\n<p>Vereadores de Fortaleza aprovaram em 1\u00aa discuss\u00e3o, nesta quinta-feira, dia 7 de novembro, a concess\u00e3o dos espig\u00f5es da Avenida Beira Mar, na altura da Rua Jo\u00e3o Cordeiro, Rui Barbosa e da Avenida Desembargador Moreira, al\u00e9m do Mercado dos Peixes para a iniciativa privada. O projeto \u00e9 de iniciativa do Executivo municipal.<br \/>\nO l\u00edder do prefeito Roberto Cl\u00e1udio na C\u00e2mara, vereador \u00c9sio Feitosa (PDT), elencou alguns pontos positivos do projeto, que segundo o parlamentar, ir\u00e1 beneficiar toda uma cadeia produtiva da cidade, especialmente a de turismo, bares e restaurantes. \u201cA livre circula\u00e7\u00e3o das pessoas nesses espa\u00e7os p\u00fablicos \u00e9 condi\u00e7\u00e3o essencial para que os empreendimentos que l\u00e1 v\u00e3o se instalar tenham sucesso\u201d, disse.<\/p>\n","protected":false},"excerpt":{"rendered":"<p>Vereadores de Fortaleza aprovaram em 1\u00aa discuss\u00e3o, nesta quinta-feira, dia 7 de novembro, a concess\u00e3o dos espig\u00f5es da Avenida Beira Mar, na altura da Rua Jo\u00e3o Cordeiro, Rui Barbosa e da Avenida Desembargador Moreira, al\u00e9m do Mercado dos Peixes para a iniciativa privada. O projeto \u00e9 de iniciativa do Executivo municipal. O l\u00edder do prefeito Roberto Cl\u00e1udio na C\u00e2mara, vereador \u00c9sio Feitosa (PDT), elencou alguns pontos positivos do projeto, que segundo o parlamentar, ir\u00e1 beneficiar toda uma cadeia produtiva&hellip;<\/p>\n","protected":false},"author":1,"featured_media":0,"comment_status":"open","ping_status":"open","sticky":false,"template":"","format":"standard","meta":{"footnotes":""},"categories":[1],"tags":[],"class_list":["post-14494","post","type-post","status-publish","format-standard","hentry","category-noticias"],"_links":{"self":[{"href":"https:\/\/blogdorogeriogomes.com.br\/noticias\/wp-json\/wp\/v2\/posts\/14494","targetHints":{"allow":["GET"]}}],"collection":[{"href":"https:\/\/blogdorogeriogomes.com.br\/noticias\/wp-json\/wp\/v2\/posts"}],"about":[{"href":"https:\/\/blogdorogeriogomes.com.br\/noticias\/wp-json\/wp\/v2\/types\/post"}],"author":[{"embeddable":true,"href":"https:\/\/blogdorogeriogomes.com.br\/noticias\/wp-json\/wp\/v2\/users\/1"}],"replies":[{"embeddable":true,"href":"https:\/\/blogdorogeriogomes.com.br\/noticias\/wp-json\/wp\/v2\/comments?post=14494"}],"version-history":[{"count":1,"href":"https:\/\/blogdorogeriogomes.com.br\/noticias\/wp-json\/wp\/v2\/posts\/14494\/revisions"}],"predecessor-version":[{"id":14496,"href":"https:\/\/blogdorogeriogomes.com.br\/noticias\/wp-json\/wp\/v2\/posts\/14494\/revisions\/14496"}],"wp:attachment":[{"href":"https:\/\/blogdorogeriogomes.com.br\/noticias\/wp-json\/wp\/v2\/media?parent=14494"}],"wp:term":[{"taxonomy":"category","embeddable":true,"href":"https:\/\/blogdorogeriogomes.com.br\/noticias\/wp-json\/wp\/v2\/categories?post=14494"},{"taxonomy":"post_tag","embeddable":true,"href":"https:\/\/blogdorogeriogomes.com.br\/noticias\/wp-json\/wp\/v2\/tags?post=14494"}],"curies":[{"name":"wp","href":"https:\/\/api.w.org\/{rel}","templated":true}]}}