{"id":14503,"date":"2019-11-08T09:53:58","date_gmt":"2019-11-08T09:53:58","guid":{"rendered":"http:\/\/blogdorogeriogomes.com.br\/?p=14503"},"modified":"2019-11-08T09:53:58","modified_gmt":"2019-11-08T09:53:58","slug":"virada-cultural-de-fortaleza-tem-inicio-com-festival-da-buchada-em-dois-mercados-da-capital","status":"publish","type":"post","link":"https:\/\/blogdorogeriogomes.com.br\/noticias\/2019\/11\/virada-cultural-de-fortaleza-tem-inicio-com-festival-da-buchada-em-dois-mercados-da-capital\/","title":{"rendered":"Virada Cultural de Fortaleza tem in\u00edcio com Festival da Buchada em dois mercados da Capital"},"content":{"rendered":"<p><img loading=\"lazy\" decoding=\"async\" class=\"alignnone size-medium wp-image-14505\" src=\"http:\/\/blogdorogeriogomes.com.br\/wp-content\/uploads\/2019\/11\/IMG_20191108_064742_782-300x229.jpg\" alt=\"IMG_20191108_064742_782\" width=\"300\" height=\"229\" srcset=\"https:\/\/blogdorogeriogomes.com.br\/noticias\/wp-content\/uploads\/2019\/11\/IMG_20191108_064742_782-300x229.jpg 300w, https:\/\/blogdorogeriogomes.com.br\/noticias\/wp-content\/uploads\/2019\/11\/IMG_20191108_064742_782-768x585.jpg 768w, https:\/\/blogdorogeriogomes.com.br\/noticias\/wp-content\/uploads\/2019\/11\/IMG_20191108_064742_782-1024x781.jpg 1024w, https:\/\/blogdorogeriogomes.com.br\/noticias\/wp-content\/uploads\/2019\/11\/IMG_20191108_064742_782.jpg 1119w\" sizes=\"auto, (max-width: 300px) 100vw, 300px\" \/><\/p>\n<p>A programa\u00e7\u00e3o da I Virada Cultural de Fortaleza come\u00e7a nesta sexta-feira, dia 8 de novembro, com atra\u00e7\u00f5es gratuitas que seguem at\u00e9 domingo, dia 10, em espa\u00e7os e equipamentos p\u00fablicos do Centro de Fortaleza, com m\u00fasica, teatro, cultura popular, literatura, interven\u00e7\u00f5es urbanas, feiras de economia criativa, lazer e outras experi\u00eancias. Toda a programa\u00e7\u00e3o, realizada pela Secretaria Municipal da Cultura de Fortaleza, \u00e9 gratuita.<br \/>\nNesta sexta-feira, uma das atra\u00e7\u00f5es \u00e9 o Festival da Buchada, que ocupar\u00e1 dois mercados da Capital. No Mercado S\u00e3o Sebasti\u00e3o, a anima\u00e7\u00e3o fica por conta do Trio Pisada Mansa, do Forr\u00f3 S\u00f3 no Machucado e do Thiaguinho Mala Mansa, a partir das 18 horas. J\u00e1 no Mercado dos Pinh\u00f5es, localizado na Pra\u00e7a Visconde de Pelotas, entre as ruas Gon\u00e7alves Ledo e Nogueira Acioli, a programa\u00e7\u00e3o inicia tamb\u00e9m \u00e0s 18 horas com o show musical de Renato Assun\u00e7\u00e3o seguido das apresenta\u00e7\u00f5es do cantor Paulo Fa\u00e7anha e de Freitas Filho e Gabriela Mendes.<\/p>\n","protected":false},"excerpt":{"rendered":"<p>A programa\u00e7\u00e3o da I Virada Cultural de Fortaleza come\u00e7a nesta sexta-feira, dia 8 de novembro, com atra\u00e7\u00f5es gratuitas que seguem at\u00e9 domingo, dia 10, em espa\u00e7os e equipamentos p\u00fablicos do Centro de Fortaleza, com m\u00fasica, teatro, cultura popular, literatura, interven\u00e7\u00f5es urbanas, feiras de economia criativa, lazer e outras experi\u00eancias. Toda a programa\u00e7\u00e3o, realizada pela Secretaria Municipal da Cultura de Fortaleza, \u00e9 gratuita. Nesta sexta-feira, uma das atra\u00e7\u00f5es \u00e9 o Festival da Buchada, que ocupar\u00e1 dois mercados da Capital. No&hellip;<\/p>\n","protected":false},"author":1,"featured_media":0,"comment_status":"open","ping_status":"open","sticky":false,"template":"","format":"standard","meta":{"footnotes":""},"categories":[1],"tags":[],"class_list":["post-14503","post","type-post","status-publish","format-standard","hentry","category-noticias"],"_links":{"self":[{"href":"https:\/\/blogdorogeriogomes.com.br\/noticias\/wp-json\/wp\/v2\/posts\/14503","targetHints":{"allow":["GET"]}}],"collection":[{"href":"https:\/\/blogdorogeriogomes.com.br\/noticias\/wp-json\/wp\/v2\/posts"}],"about":[{"href":"https:\/\/blogdorogeriogomes.com.br\/noticias\/wp-json\/wp\/v2\/types\/post"}],"author":[{"embeddable":true,"href":"https:\/\/blogdorogeriogomes.com.br\/noticias\/wp-json\/wp\/v2\/users\/1"}],"replies":[{"embeddable":true,"href":"https:\/\/blogdorogeriogomes.com.br\/noticias\/wp-json\/wp\/v2\/comments?post=14503"}],"version-history":[{"count":1,"href":"https:\/\/blogdorogeriogomes.com.br\/noticias\/wp-json\/wp\/v2\/posts\/14503\/revisions"}],"predecessor-version":[{"id":14506,"href":"https:\/\/blogdorogeriogomes.com.br\/noticias\/wp-json\/wp\/v2\/posts\/14503\/revisions\/14506"}],"wp:attachment":[{"href":"https:\/\/blogdorogeriogomes.com.br\/noticias\/wp-json\/wp\/v2\/media?parent=14503"}],"wp:term":[{"taxonomy":"category","embeddable":true,"href":"https:\/\/blogdorogeriogomes.com.br\/noticias\/wp-json\/wp\/v2\/categories?post=14503"},{"taxonomy":"post_tag","embeddable":true,"href":"https:\/\/blogdorogeriogomes.com.br\/noticias\/wp-json\/wp\/v2\/tags?post=14503"}],"curies":[{"name":"wp","href":"https:\/\/api.w.org\/{rel}","templated":true}]}}