{"id":14507,"date":"2019-11-08T14:29:19","date_gmt":"2019-11-08T14:29:19","guid":{"rendered":"http:\/\/blogdorogeriogomes.com.br\/?p=14507"},"modified":"2019-11-08T14:29:19","modified_gmt":"2019-11-08T14:29:19","slug":"prefeitos-cearenses-se-reunem-com-ministro-da-secretaria-de-governo-da-presidencia-para-discutir-ampliacao-de-recursos","status":"publish","type":"post","link":"https:\/\/blogdorogeriogomes.com.br\/noticias\/2019\/11\/prefeitos-cearenses-se-reunem-com-ministro-da-secretaria-de-governo-da-presidencia-para-discutir-ampliacao-de-recursos\/","title":{"rendered":"Prefeitos cearenses se re\u00fanem com ministro da Secretaria de Governo da Presid\u00eancia para discutir amplia\u00e7\u00e3o de recursos"},"content":{"rendered":"<p><img loading=\"lazy\" decoding=\"async\" class=\"alignnone size-medium wp-image-14508\" src=\"http:\/\/blogdorogeriogomes.com.br\/wp-content\/uploads\/2019\/11\/IMG_20191108_112526_386-300x213.jpg\" alt=\"IMG_20191108_112526_386\" width=\"300\" height=\"213\" srcset=\"https:\/\/blogdorogeriogomes.com.br\/noticias\/wp-content\/uploads\/2019\/11\/IMG_20191108_112526_386-300x213.jpg 300w, https:\/\/blogdorogeriogomes.com.br\/noticias\/wp-content\/uploads\/2019\/11\/IMG_20191108_112526_386-768x546.jpg 768w, https:\/\/blogdorogeriogomes.com.br\/noticias\/wp-content\/uploads\/2019\/11\/IMG_20191108_112526_386-1024x729.jpg 1024w, https:\/\/blogdorogeriogomes.com.br\/noticias\/wp-content\/uploads\/2019\/11\/IMG_20191108_112526_386.jpg 1265w\" sizes=\"auto, (max-width: 300px) 100vw, 300px\" \/><\/p>\n<p>Ministro da Secretaria de Governo da Presid\u00eancia da Rep\u00fablica, Luiz Eduardo Ramos, esteve em Fortaleza nesta sexta-feira, dia 8 de novembro, conversando com prefeitos cearenses. Entre os temas, a PEC do Pacto Federativo, enviada esta semana ao Congresso Nacional, que trata da fus\u00e3o de munic\u00edpios brasileiros at\u00e9 cinco mil habitantes.<br \/>\nO ministro est\u00e1 em visita aos estados do Nordeste. Quer explicar a prefeitos e governadores qual o plano de investimentos do Governo Federal para a regi\u00e3o. Em Fortaleza, a reuni\u00e3o com prefeitos aconteceu na manh\u00e3 desta sexta-feira, no Teatro S\u00e3o Jos\u00e9.<br \/>\nA Associa\u00e7\u00e3o dos Munic\u00edpios do Cear\u00e1, a Aprece, fez a entrega de uma carta ao ministro Luiz Eduardo Ramos com uma s\u00e9rie de reivindica\u00e7\u00f5es das prefeituras do interior cearense.<br \/>\nUma das preocupa\u00e7\u00f5es dos prefeitos \u00e9 com a Proposta de Emenda Constitucional entregue, esta semana pelo Governo ao Congresso Nacional, que prop\u00f5e a fus\u00e3o de munic\u00edpios brasileiros at\u00e9 cinco mil habitantes e que n\u00e3o tenha 10% de arrecada\u00e7\u00e3o pr\u00f3pria.<br \/>\nPara a Aprece, \u00e9 preciso muito debate no Congresso para evitar ainda mais o sufocamento financeiro das prefeituras.<br \/>\nPresente ao evento, o prefeito de Fortaleza, Roberto Cl\u00e1udio, destacou a necessidade do apoio da Uni\u00e3o, mas tamb\u00e9m que os gestores fa\u00e7am o dever de casa na execu\u00e7\u00e3o or\u00e7ament\u00e1ria de cada munic\u00edpio.<\/p>\n","protected":false},"excerpt":{"rendered":"<p>Ministro da Secretaria de Governo da Presid\u00eancia da Rep\u00fablica, Luiz Eduardo Ramos, esteve em Fortaleza nesta sexta-feira, dia 8 de novembro, conversando com prefeitos cearenses. Entre os temas, a PEC do Pacto Federativo, enviada esta semana ao Congresso Nacional, que trata da fus\u00e3o de munic\u00edpios brasileiros at\u00e9 cinco mil habitantes. O ministro est\u00e1 em visita aos estados do Nordeste. Quer explicar a prefeitos e governadores qual o plano de investimentos do Governo Federal para a regi\u00e3o. Em Fortaleza, a&hellip;<\/p>\n","protected":false},"author":1,"featured_media":0,"comment_status":"open","ping_status":"open","sticky":false,"template":"","format":"standard","meta":{"footnotes":""},"categories":[1],"tags":[],"class_list":["post-14507","post","type-post","status-publish","format-standard","hentry","category-noticias"],"_links":{"self":[{"href":"https:\/\/blogdorogeriogomes.com.br\/noticias\/wp-json\/wp\/v2\/posts\/14507","targetHints":{"allow":["GET"]}}],"collection":[{"href":"https:\/\/blogdorogeriogomes.com.br\/noticias\/wp-json\/wp\/v2\/posts"}],"about":[{"href":"https:\/\/blogdorogeriogomes.com.br\/noticias\/wp-json\/wp\/v2\/types\/post"}],"author":[{"embeddable":true,"href":"https:\/\/blogdorogeriogomes.com.br\/noticias\/wp-json\/wp\/v2\/users\/1"}],"replies":[{"embeddable":true,"href":"https:\/\/blogdorogeriogomes.com.br\/noticias\/wp-json\/wp\/v2\/comments?post=14507"}],"version-history":[{"count":1,"href":"https:\/\/blogdorogeriogomes.com.br\/noticias\/wp-json\/wp\/v2\/posts\/14507\/revisions"}],"predecessor-version":[{"id":14509,"href":"https:\/\/blogdorogeriogomes.com.br\/noticias\/wp-json\/wp\/v2\/posts\/14507\/revisions\/14509"}],"wp:attachment":[{"href":"https:\/\/blogdorogeriogomes.com.br\/noticias\/wp-json\/wp\/v2\/media?parent=14507"}],"wp:term":[{"taxonomy":"category","embeddable":true,"href":"https:\/\/blogdorogeriogomes.com.br\/noticias\/wp-json\/wp\/v2\/categories?post=14507"},{"taxonomy":"post_tag","embeddable":true,"href":"https:\/\/blogdorogeriogomes.com.br\/noticias\/wp-json\/wp\/v2\/tags?post=14507"}],"curies":[{"name":"wp","href":"https:\/\/api.w.org\/{rel}","templated":true}]}}