{"id":14510,"date":"2019-11-08T21:01:52","date_gmt":"2019-11-08T21:01:52","guid":{"rendered":"http:\/\/blogdorogeriogomes.com.br\/?p=14510"},"modified":"2019-11-08T21:01:52","modified_gmt":"2019-11-08T21:01:52","slug":"ex-presidente-lula-esta-livre-e-e-recepcionado-por-multidao-em-curitiba","status":"publish","type":"post","link":"https:\/\/blogdorogeriogomes.com.br\/noticias\/2019\/11\/ex-presidente-lula-esta-livre-e-e-recepcionado-por-multidao-em-curitiba\/","title":{"rendered":"Ex-presidente Lula est\u00e1 livre e \u00e9 recepcionado por multid\u00e3o em Curitiba"},"content":{"rendered":"<p><img loading=\"lazy\" decoding=\"async\" class=\"alignnone size-medium wp-image-14511\" src=\"http:\/\/blogdorogeriogomes.com.br\/wp-content\/uploads\/2019\/11\/IMG_20191108_175643_658-300x188.jpg\" alt=\"IMG_20191108_175643_658\" width=\"300\" height=\"188\" srcset=\"https:\/\/blogdorogeriogomes.com.br\/noticias\/wp-content\/uploads\/2019\/11\/IMG_20191108_175643_658-300x188.jpg 300w, https:\/\/blogdorogeriogomes.com.br\/noticias\/wp-content\/uploads\/2019\/11\/IMG_20191108_175643_658-768x481.jpg 768w, https:\/\/blogdorogeriogomes.com.br\/noticias\/wp-content\/uploads\/2019\/11\/IMG_20191108_175643_658.jpg 970w\" sizes=\"auto, (max-width: 300px) 100vw, 300px\" \/><\/p>\n<p>Foram 580 dias preso na Superintend\u00eancia da Pol\u00edcia Federal, em Curitiba. O ex-presidente Lula foi libertado, nesta sexta-feira, dia 8 de novembro.<br \/>\nUma multid\u00e3o recepcionou o ex-presidente do lado de fora da PF. Depois de falar a simpatizantes em Curitiba, Lula cumprir\u00e1 roteiro ap\u00f3s ser libertado, que termina com um ato no Sindicato dos Metal\u00fargicos em S\u00e3o Bernardo do Campo, na regi\u00e3o metropolitana de S\u00e3o Paulo. No local, ele fez seu \u00faltimo discurso antes da pris\u00e3o, em 2018.<br \/>\nEm liberdade, Lula j\u00e1 declarou que pretende viajar o Pa\u00eds. Retornar a ideia de caravanas ouvindo as demandas da popula\u00e7\u00e3o. A ideia \u00e9 mobilizar a oposi\u00e7\u00e3o ao atual governo do presidente Jair Bolsonaro. Ser\u00e1 uma forma tamb\u00e9m de preparar as bases do PT para as elei\u00e7\u00f5es municipais de 2020.<\/p>\n","protected":false},"excerpt":{"rendered":"<p>Foram 580 dias preso na Superintend\u00eancia da Pol\u00edcia Federal, em Curitiba. O ex-presidente Lula foi libertado, nesta sexta-feira, dia 8 de novembro. Uma multid\u00e3o recepcionou o ex-presidente do lado de fora da PF. Depois de falar a simpatizantes em Curitiba, Lula cumprir\u00e1 roteiro ap\u00f3s ser libertado, que termina com um ato no Sindicato dos Metal\u00fargicos em S\u00e3o Bernardo do Campo, na regi\u00e3o metropolitana de S\u00e3o Paulo. No local, ele fez seu \u00faltimo discurso antes da pris\u00e3o, em 2018. Em&hellip;<\/p>\n","protected":false},"author":1,"featured_media":0,"comment_status":"open","ping_status":"open","sticky":false,"template":"","format":"standard","meta":{"footnotes":""},"categories":[1],"tags":[],"class_list":["post-14510","post","type-post","status-publish","format-standard","hentry","category-noticias"],"_links":{"self":[{"href":"https:\/\/blogdorogeriogomes.com.br\/noticias\/wp-json\/wp\/v2\/posts\/14510","targetHints":{"allow":["GET"]}}],"collection":[{"href":"https:\/\/blogdorogeriogomes.com.br\/noticias\/wp-json\/wp\/v2\/posts"}],"about":[{"href":"https:\/\/blogdorogeriogomes.com.br\/noticias\/wp-json\/wp\/v2\/types\/post"}],"author":[{"embeddable":true,"href":"https:\/\/blogdorogeriogomes.com.br\/noticias\/wp-json\/wp\/v2\/users\/1"}],"replies":[{"embeddable":true,"href":"https:\/\/blogdorogeriogomes.com.br\/noticias\/wp-json\/wp\/v2\/comments?post=14510"}],"version-history":[{"count":1,"href":"https:\/\/blogdorogeriogomes.com.br\/noticias\/wp-json\/wp\/v2\/posts\/14510\/revisions"}],"predecessor-version":[{"id":14512,"href":"https:\/\/blogdorogeriogomes.com.br\/noticias\/wp-json\/wp\/v2\/posts\/14510\/revisions\/14512"}],"wp:attachment":[{"href":"https:\/\/blogdorogeriogomes.com.br\/noticias\/wp-json\/wp\/v2\/media?parent=14510"}],"wp:term":[{"taxonomy":"category","embeddable":true,"href":"https:\/\/blogdorogeriogomes.com.br\/noticias\/wp-json\/wp\/v2\/categories?post=14510"},{"taxonomy":"post_tag","embeddable":true,"href":"https:\/\/blogdorogeriogomes.com.br\/noticias\/wp-json\/wp\/v2\/tags?post=14510"}],"curies":[{"name":"wp","href":"https:\/\/api.w.org\/{rel}","templated":true}]}}