{"id":14513,"date":"2019-11-09T11:19:11","date_gmt":"2019-11-09T11:19:11","guid":{"rendered":"http:\/\/blogdorogeriogomes.com.br\/?p=14513"},"modified":"2019-11-09T11:19:11","modified_gmt":"2019-11-09T11:19:11","slug":"camilo-santana-assina-ordem-de-servico-para-construir-teleferico-em-juazeiro-do-norte","status":"publish","type":"post","link":"https:\/\/blogdorogeriogomes.com.br\/noticias\/2019\/11\/camilo-santana-assina-ordem-de-servico-para-construir-teleferico-em-juazeiro-do-norte\/","title":{"rendered":"Camilo Santana assina ordem de servi\u00e7o para construir telef\u00e9rico em Juazeiro do Norte"},"content":{"rendered":"<p><img loading=\"lazy\" decoding=\"async\" class=\"alignnone size-medium wp-image-14514\" src=\"http:\/\/blogdorogeriogomes.com.br\/wp-content\/uploads\/2019\/11\/IMG_20191109_081545_312-300x203.jpg\" alt=\"IMG_20191109_081545_312\" width=\"300\" height=\"203\" srcset=\"https:\/\/blogdorogeriogomes.com.br\/noticias\/wp-content\/uploads\/2019\/11\/IMG_20191109_081545_312-300x203.jpg 300w, https:\/\/blogdorogeriogomes.com.br\/noticias\/wp-content\/uploads\/2019\/11\/IMG_20191109_081545_312-768x520.jpg 768w, https:\/\/blogdorogeriogomes.com.br\/noticias\/wp-content\/uploads\/2019\/11\/IMG_20191109_081545_312-1024x694.jpg 1024w, https:\/\/blogdorogeriogomes.com.br\/noticias\/wp-content\/uploads\/2019\/11\/IMG_20191109_081545_312.jpg 1181w\" sizes=\"auto, (max-width: 300px) 100vw, 300px\" \/><\/p>\n<p>O governador do Cear\u00e1, Camilo Santana, assinou ordem de servi\u00e7o, nesta sexta-feira, dia 8 de novembro, para a constru\u00e7\u00e3o de um telef\u00e9rico em Juazeiro do Norte, na Regi\u00e3o do Cariri, que promete impulsionar ainda mais o turismo religioso e a economia da cidade, que j\u00e1 recebe 2,5 milh\u00f5es de visitantes a cada ano. A ordem de servi\u00e7o do novo equipamento foi assinada durante sess\u00e3o itinerante da Assembleia Legislativa no Cariri, em homenagem aos 50 anos da est\u00e1tua de Padre C\u00edcero. A previs\u00e3o \u00e9 que a entrega do telef\u00e9rico de Juazeiro do Norte seja realizada no segundo semestre de 2022.<br \/>\nPelas redes sociais, o governador comemorou a soltura do ex-presidente Lula. &#8220;Justi\u00e7a feita&#8221;. Camilo Santana afirmou: &#8220;Lula, maior presidente que este pa\u00eds j\u00e1 teve, est\u00e1 livre&#8221;.<\/p>\n","protected":false},"excerpt":{"rendered":"<p>O governador do Cear\u00e1, Camilo Santana, assinou ordem de servi\u00e7o, nesta sexta-feira, dia 8 de novembro, para a constru\u00e7\u00e3o de um telef\u00e9rico em Juazeiro do Norte, na Regi\u00e3o do Cariri, que promete impulsionar ainda mais o turismo religioso e a economia da cidade, que j\u00e1 recebe 2,5 milh\u00f5es de visitantes a cada ano. A ordem de servi\u00e7o do novo equipamento foi assinada durante sess\u00e3o itinerante da Assembleia Legislativa no Cariri, em homenagem aos 50 anos da est\u00e1tua de Padre&hellip;<\/p>\n","protected":false},"author":1,"featured_media":0,"comment_status":"open","ping_status":"open","sticky":false,"template":"","format":"standard","meta":{"footnotes":""},"categories":[1],"tags":[],"class_list":["post-14513","post","type-post","status-publish","format-standard","hentry","category-noticias"],"_links":{"self":[{"href":"https:\/\/blogdorogeriogomes.com.br\/noticias\/wp-json\/wp\/v2\/posts\/14513","targetHints":{"allow":["GET"]}}],"collection":[{"href":"https:\/\/blogdorogeriogomes.com.br\/noticias\/wp-json\/wp\/v2\/posts"}],"about":[{"href":"https:\/\/blogdorogeriogomes.com.br\/noticias\/wp-json\/wp\/v2\/types\/post"}],"author":[{"embeddable":true,"href":"https:\/\/blogdorogeriogomes.com.br\/noticias\/wp-json\/wp\/v2\/users\/1"}],"replies":[{"embeddable":true,"href":"https:\/\/blogdorogeriogomes.com.br\/noticias\/wp-json\/wp\/v2\/comments?post=14513"}],"version-history":[{"count":1,"href":"https:\/\/blogdorogeriogomes.com.br\/noticias\/wp-json\/wp\/v2\/posts\/14513\/revisions"}],"predecessor-version":[{"id":14515,"href":"https:\/\/blogdorogeriogomes.com.br\/noticias\/wp-json\/wp\/v2\/posts\/14513\/revisions\/14515"}],"wp:attachment":[{"href":"https:\/\/blogdorogeriogomes.com.br\/noticias\/wp-json\/wp\/v2\/media?parent=14513"}],"wp:term":[{"taxonomy":"category","embeddable":true,"href":"https:\/\/blogdorogeriogomes.com.br\/noticias\/wp-json\/wp\/v2\/categories?post=14513"},{"taxonomy":"post_tag","embeddable":true,"href":"https:\/\/blogdorogeriogomes.com.br\/noticias\/wp-json\/wp\/v2\/tags?post=14513"}],"curies":[{"name":"wp","href":"https:\/\/api.w.org\/{rel}","templated":true}]}}