{"id":14516,"date":"2019-11-10T09:37:47","date_gmt":"2019-11-10T09:37:47","guid":{"rendered":"http:\/\/blogdorogeriogomes.com.br\/?p=14516"},"modified":"2019-11-10T09:37:47","modified_gmt":"2019-11-10T09:37:47","slug":"camilo-santana-visita-lula-em-sao-paulo-apos-libertacao-do-ex-presidente","status":"publish","type":"post","link":"https:\/\/blogdorogeriogomes.com.br\/noticias\/2019\/11\/camilo-santana-visita-lula-em-sao-paulo-apos-libertacao-do-ex-presidente\/","title":{"rendered":"Camilo Santana visita Lula em S\u00e3o Paulo ap\u00f3s liberta\u00e7\u00e3o do ex-presidente"},"content":{"rendered":"<p><img loading=\"lazy\" decoding=\"async\" class=\"alignnone size-medium wp-image-14517\" src=\"http:\/\/blogdorogeriogomes.com.br\/wp-content\/uploads\/2019\/11\/IMG_20191110_062936_265-300x300.jpg\" alt=\"IMG_20191110_062936_265\" width=\"300\" height=\"300\" srcset=\"https:\/\/blogdorogeriogomes.com.br\/noticias\/wp-content\/uploads\/2019\/11\/IMG_20191110_062936_265-300x300.jpg 300w, https:\/\/blogdorogeriogomes.com.br\/noticias\/wp-content\/uploads\/2019\/11\/IMG_20191110_062936_265-150x150.jpg 150w, https:\/\/blogdorogeriogomes.com.br\/noticias\/wp-content\/uploads\/2019\/11\/IMG_20191110_062936_265-768x768.jpg 768w, https:\/\/blogdorogeriogomes.com.br\/noticias\/wp-content\/uploads\/2019\/11\/IMG_20191110_062936_265.jpg 960w\" sizes=\"auto, (max-width: 300px) 100vw, 300px\" \/><\/p>\n<p>O governador do Cear\u00e1, Camilo Santana, viajou a S\u00e3o Paulo, neste s\u00e1bado, dia 9 de novembro, para cumprimentar o ex-presidente Lula ap\u00f3s a liberta\u00e7\u00e3o ocorrida na \u00faltima sexta-feira. Camilo diz ser eternamente grato por tudo que Lula fez pelo Cear\u00e1 e tamb\u00e9m pelo Nordeste, quando foi Presidente da Rep\u00fablica por dois mandatos.<br \/>\n\u201cN\u00e3o poderia deixar de vir abra\u00e7ar meu amigo Lula, o presidente que tirou 32 milh\u00f5es de brasileiros da mis\u00e9ria, principalmente no Nordeste historicamente pobre e esquecido. Espero que nosso pa\u00eds busque conviver com as diferen\u00e7as de opini\u00e3o. Que haja mais di\u00e1logo, toler\u00e2ncia e respeito, independente de posi\u00e7\u00f5es partid\u00e1rias, para exercermos a democracia na sua plenitude. Intoler\u00e2ncia e \u00f3dio s\u00e3o o pior caminho. E n\u00e3o \u00e9 isso que queremos para o nosso pa\u00eds. O que precisamos, cada vez mais, \u00e9 discutir os problemas do Brasil com muita sabedoria, serenidade e respeito. E resolver urgentemente as quest\u00f5es que afligem nossa popula\u00e7\u00e3o, principalmente o desemprego\u201d, disse Camilo Santana.<\/p>\n","protected":false},"excerpt":{"rendered":"<p>O governador do Cear\u00e1, Camilo Santana, viajou a S\u00e3o Paulo, neste s\u00e1bado, dia 9 de novembro, para cumprimentar o ex-presidente Lula ap\u00f3s a liberta\u00e7\u00e3o ocorrida na \u00faltima sexta-feira. Camilo diz ser eternamente grato por tudo que Lula fez pelo Cear\u00e1 e tamb\u00e9m pelo Nordeste, quando foi Presidente da Rep\u00fablica por dois mandatos. \u201cN\u00e3o poderia deixar de vir abra\u00e7ar meu amigo Lula, o presidente que tirou 32 milh\u00f5es de brasileiros da mis\u00e9ria, principalmente no Nordeste historicamente pobre e esquecido. Espero&hellip;<\/p>\n","protected":false},"author":1,"featured_media":0,"comment_status":"open","ping_status":"open","sticky":false,"template":"","format":"standard","meta":{"footnotes":""},"categories":[1],"tags":[],"class_list":["post-14516","post","type-post","status-publish","format-standard","hentry","category-noticias"],"_links":{"self":[{"href":"https:\/\/blogdorogeriogomes.com.br\/noticias\/wp-json\/wp\/v2\/posts\/14516","targetHints":{"allow":["GET"]}}],"collection":[{"href":"https:\/\/blogdorogeriogomes.com.br\/noticias\/wp-json\/wp\/v2\/posts"}],"about":[{"href":"https:\/\/blogdorogeriogomes.com.br\/noticias\/wp-json\/wp\/v2\/types\/post"}],"author":[{"embeddable":true,"href":"https:\/\/blogdorogeriogomes.com.br\/noticias\/wp-json\/wp\/v2\/users\/1"}],"replies":[{"embeddable":true,"href":"https:\/\/blogdorogeriogomes.com.br\/noticias\/wp-json\/wp\/v2\/comments?post=14516"}],"version-history":[{"count":1,"href":"https:\/\/blogdorogeriogomes.com.br\/noticias\/wp-json\/wp\/v2\/posts\/14516\/revisions"}],"predecessor-version":[{"id":14518,"href":"https:\/\/blogdorogeriogomes.com.br\/noticias\/wp-json\/wp\/v2\/posts\/14516\/revisions\/14518"}],"wp:attachment":[{"href":"https:\/\/blogdorogeriogomes.com.br\/noticias\/wp-json\/wp\/v2\/media?parent=14516"}],"wp:term":[{"taxonomy":"category","embeddable":true,"href":"https:\/\/blogdorogeriogomes.com.br\/noticias\/wp-json\/wp\/v2\/categories?post=14516"},{"taxonomy":"post_tag","embeddable":true,"href":"https:\/\/blogdorogeriogomes.com.br\/noticias\/wp-json\/wp\/v2\/tags?post=14516"}],"curies":[{"name":"wp","href":"https:\/\/api.w.org\/{rel}","templated":true}]}}