{"id":14519,"date":"2019-11-10T10:03:55","date_gmt":"2019-11-10T10:03:55","guid":{"rendered":"http:\/\/blogdorogeriogomes.com.br\/?p=14519"},"modified":"2019-11-10T10:03:55","modified_gmt":"2019-11-10T10:03:55","slug":"liberdade-de-lula-acende-papel-da-oposicao-em-relacao-as-acoes-do-governo-bolsonaro","status":"publish","type":"post","link":"https:\/\/blogdorogeriogomes.com.br\/noticias\/2019\/11\/liberdade-de-lula-acende-papel-da-oposicao-em-relacao-as-acoes-do-governo-bolsonaro\/","title":{"rendered":"Liberdade de Lula acende papel da oposi\u00e7\u00e3o em rela\u00e7\u00e3o \u00e0s a\u00e7\u00f5es do Governo Bolsonaro"},"content":{"rendered":"<p><img loading=\"lazy\" decoding=\"async\" class=\"alignnone size-medium wp-image-14520\" src=\"http:\/\/blogdorogeriogomes.com.br\/wp-content\/uploads\/2019\/11\/IMG_20191110_065801_479-300x178.jpg\" alt=\"IMG_20191110_065801_479\" width=\"300\" height=\"178\" srcset=\"https:\/\/blogdorogeriogomes.com.br\/noticias\/wp-content\/uploads\/2019\/11\/IMG_20191110_065801_479-300x178.jpg 300w, https:\/\/blogdorogeriogomes.com.br\/noticias\/wp-content\/uploads\/2019\/11\/IMG_20191110_065801_479.jpg 749w\" sizes=\"auto, (max-width: 300px) 100vw, 300px\" \/><\/p>\n<p>\u00c9 fato que a liberdade do ex-presidente Lula vai aumentar ainda mais a polariza\u00e7\u00e3o entre os partidos de esquerda e os apoiadores do presidente Jair Bolsonaro. Mas \u00e9 preciso entender que isso faz parte da Democracia. S\u00f3 se avan\u00e7a um Pa\u00eds com liberdade de express\u00e3o e formas de pensar diferente. Hoje, Lula aponta retrocessos nas a\u00e7\u00f5es sociais do atual governo. E n\u00e3o est\u00e1 errado. \u00c9 uma realidade.<br \/>\nDiante do cen\u00e1rio de euforia da esquerda, o presidente Jair Bolsonaro realizou reuni\u00e3o, neste s\u00e1bado, dia 9 de novembro, com a c\u00fapula militar do governo e das For\u00e7as Armadas para tratar da liberdade do ex-presidente Lula. Pelo que vem, juntamente com os filhos, publicando nas redes sociais, o temor de Bolsonaro \u00e9 que o Brasil se transforme amanh\u00e3 em um Chile, que vive uma verdadeira convuls\u00e3o social.<br \/>\nUm bom conselho ent\u00e3o \u00e9 que o presidente e sua equipe econ\u00f4mica comecem a se preocupar realmente com o aumento do empobrecimento da popula\u00e7\u00e3o brasileira, que ainda enfrenta altas taxas de desemprego e ainda n\u00e3o enxerga um cen\u00e1rio de recupera\u00e7\u00e3o.<br \/>\nPor enquanto, Paulo Guedes e equipe s\u00f3 t\u00eam acenado para o mercado financeiro. O pensamento parece ser um s\u00f3: enxugar o Estado a um patamar m\u00ednimo, sem se preocupar com os mais pobres que dependem hoje exclusivamente dele, e distribuir as estatais brasileiras para a iniciativa privada.<\/p>\n","protected":false},"excerpt":{"rendered":"<p>\u00c9 fato que a liberdade do ex-presidente Lula vai aumentar ainda mais a polariza\u00e7\u00e3o entre os partidos de esquerda e os apoiadores do presidente Jair Bolsonaro. Mas \u00e9 preciso entender que isso faz parte da Democracia. S\u00f3 se avan\u00e7a um Pa\u00eds com liberdade de express\u00e3o e formas de pensar diferente. Hoje, Lula aponta retrocessos nas a\u00e7\u00f5es sociais do atual governo. E n\u00e3o est\u00e1 errado. \u00c9 uma realidade. Diante do cen\u00e1rio de euforia da esquerda, o presidente Jair Bolsonaro realizou&hellip;<\/p>\n","protected":false},"author":1,"featured_media":0,"comment_status":"open","ping_status":"open","sticky":false,"template":"","format":"standard","meta":{"footnotes":""},"categories":[1],"tags":[],"class_list":["post-14519","post","type-post","status-publish","format-standard","hentry","category-noticias"],"_links":{"self":[{"href":"https:\/\/blogdorogeriogomes.com.br\/noticias\/wp-json\/wp\/v2\/posts\/14519","targetHints":{"allow":["GET"]}}],"collection":[{"href":"https:\/\/blogdorogeriogomes.com.br\/noticias\/wp-json\/wp\/v2\/posts"}],"about":[{"href":"https:\/\/blogdorogeriogomes.com.br\/noticias\/wp-json\/wp\/v2\/types\/post"}],"author":[{"embeddable":true,"href":"https:\/\/blogdorogeriogomes.com.br\/noticias\/wp-json\/wp\/v2\/users\/1"}],"replies":[{"embeddable":true,"href":"https:\/\/blogdorogeriogomes.com.br\/noticias\/wp-json\/wp\/v2\/comments?post=14519"}],"version-history":[{"count":1,"href":"https:\/\/blogdorogeriogomes.com.br\/noticias\/wp-json\/wp\/v2\/posts\/14519\/revisions"}],"predecessor-version":[{"id":14521,"href":"https:\/\/blogdorogeriogomes.com.br\/noticias\/wp-json\/wp\/v2\/posts\/14519\/revisions\/14521"}],"wp:attachment":[{"href":"https:\/\/blogdorogeriogomes.com.br\/noticias\/wp-json\/wp\/v2\/media?parent=14519"}],"wp:term":[{"taxonomy":"category","embeddable":true,"href":"https:\/\/blogdorogeriogomes.com.br\/noticias\/wp-json\/wp\/v2\/categories?post=14519"},{"taxonomy":"post_tag","embeddable":true,"href":"https:\/\/blogdorogeriogomes.com.br\/noticias\/wp-json\/wp\/v2\/tags?post=14519"}],"curies":[{"name":"wp","href":"https:\/\/api.w.org\/{rel}","templated":true}]}}