{"id":14522,"date":"2019-11-11T08:53:21","date_gmt":"2019-11-11T08:53:21","guid":{"rendered":"http:\/\/blogdorogeriogomes.com.br\/?p=14522"},"modified":"2019-11-11T08:53:21","modified_gmt":"2019-11-11T08:53:21","slug":"ministros-do-stf-vao-analisar-paralisacao-de-processos-apos-uma-decisao-de-dias-toffoli","status":"publish","type":"post","link":"https:\/\/blogdorogeriogomes.com.br\/noticias\/2019\/11\/ministros-do-stf-vao-analisar-paralisacao-de-processos-apos-uma-decisao-de-dias-toffoli\/","title":{"rendered":"Ministros do STF v\u00e3o analisar paralisa\u00e7\u00e3o de processos ap\u00f3s uma decis\u00e3o de Dias Toffoli"},"content":{"rendered":"<p><img loading=\"lazy\" decoding=\"async\" class=\"alignnone size-medium wp-image-14523\" src=\"http:\/\/blogdorogeriogomes.com.br\/wp-content\/uploads\/2019\/11\/IMG_20191111_054905_415-300x181.jpg\" alt=\"IMG_20191111_054905_415\" width=\"300\" height=\"181\" srcset=\"https:\/\/blogdorogeriogomes.com.br\/noticias\/wp-content\/uploads\/2019\/11\/IMG_20191111_054905_415-300x181.jpg 300w, https:\/\/blogdorogeriogomes.com.br\/noticias\/wp-content\/uploads\/2019\/11\/IMG_20191111_054905_415.jpg 689w\" sizes=\"auto, (max-width: 300px) 100vw, 300px\" \/><\/p>\n<p>O Supremo Tribunal Federal se prepara para debater uma nova pol\u00eamica com ampla repercuss\u00e3o pol\u00edtica. A Corte se debru\u00e7ar\u00e1 sobre a decis\u00e3o de seu presidente, Dias Toffoli, que paralisou todas as investiga\u00e7\u00f5es do Pa\u00eds que usaram dados de \u00f3rg\u00e3o de controle, como o antigo Coaf, sem pr\u00e9via autoriza\u00e7\u00e3o judicial.<br \/>\nO processo sobre o tema est\u00e1 previsto para ser julgado no plen\u00e1rio do Supremo no pr\u00f3ximo dia 21 de novembro. Toffoli \u00e9 o relator. H\u00e1 a possibilidade de que ele resolva antecipar a an\u00e1lise do tema para o dia 20.<br \/>\nNo caso do Coaf, o resultado interessa ao senador Fl\u00e1vio Bolsonaro (PSL-RJ), filho do presidente Jair Bolsonaro. O senador \u00e9 o autor do pedido que motivou a decis\u00e3o de Toffoli de suspender as apura\u00e7\u00f5es criminais pelo Pa\u00eds.<\/p>\n","protected":false},"excerpt":{"rendered":"<p>O Supremo Tribunal Federal se prepara para debater uma nova pol\u00eamica com ampla repercuss\u00e3o pol\u00edtica. A Corte se debru\u00e7ar\u00e1 sobre a decis\u00e3o de seu presidente, Dias Toffoli, que paralisou todas as investiga\u00e7\u00f5es do Pa\u00eds que usaram dados de \u00f3rg\u00e3o de controle, como o antigo Coaf, sem pr\u00e9via autoriza\u00e7\u00e3o judicial. O processo sobre o tema est\u00e1 previsto para ser julgado no plen\u00e1rio do Supremo no pr\u00f3ximo dia 21 de novembro. Toffoli \u00e9 o relator. H\u00e1 a possibilidade de que ele&hellip;<\/p>\n","protected":false},"author":1,"featured_media":0,"comment_status":"open","ping_status":"open","sticky":false,"template":"","format":"standard","meta":{"footnotes":""},"categories":[1],"tags":[],"class_list":["post-14522","post","type-post","status-publish","format-standard","hentry","category-noticias"],"_links":{"self":[{"href":"https:\/\/blogdorogeriogomes.com.br\/noticias\/wp-json\/wp\/v2\/posts\/14522","targetHints":{"allow":["GET"]}}],"collection":[{"href":"https:\/\/blogdorogeriogomes.com.br\/noticias\/wp-json\/wp\/v2\/posts"}],"about":[{"href":"https:\/\/blogdorogeriogomes.com.br\/noticias\/wp-json\/wp\/v2\/types\/post"}],"author":[{"embeddable":true,"href":"https:\/\/blogdorogeriogomes.com.br\/noticias\/wp-json\/wp\/v2\/users\/1"}],"replies":[{"embeddable":true,"href":"https:\/\/blogdorogeriogomes.com.br\/noticias\/wp-json\/wp\/v2\/comments?post=14522"}],"version-history":[{"count":1,"href":"https:\/\/blogdorogeriogomes.com.br\/noticias\/wp-json\/wp\/v2\/posts\/14522\/revisions"}],"predecessor-version":[{"id":14524,"href":"https:\/\/blogdorogeriogomes.com.br\/noticias\/wp-json\/wp\/v2\/posts\/14522\/revisions\/14524"}],"wp:attachment":[{"href":"https:\/\/blogdorogeriogomes.com.br\/noticias\/wp-json\/wp\/v2\/media?parent=14522"}],"wp:term":[{"taxonomy":"category","embeddable":true,"href":"https:\/\/blogdorogeriogomes.com.br\/noticias\/wp-json\/wp\/v2\/categories?post=14522"},{"taxonomy":"post_tag","embeddable":true,"href":"https:\/\/blogdorogeriogomes.com.br\/noticias\/wp-json\/wp\/v2\/tags?post=14522"}],"curies":[{"name":"wp","href":"https:\/\/api.w.org\/{rel}","templated":true}]}}