{"id":14525,"date":"2019-11-11T09:10:23","date_gmt":"2019-11-11T09:10:23","guid":{"rendered":"http:\/\/blogdorogeriogomes.com.br\/?p=14525"},"modified":"2019-11-11T09:10:23","modified_gmt":"2019-11-11T09:10:23","slug":"evo-morales-renuncia-e-bolivia-vive-clima-de-guerra-civil","status":"publish","type":"post","link":"https:\/\/blogdorogeriogomes.com.br\/noticias\/2019\/11\/evo-morales-renuncia-e-bolivia-vive-clima-de-guerra-civil\/","title":{"rendered":"Evo Morales renuncia e Bol\u00edvia vive clima de guerra civil"},"content":{"rendered":"<p><img loading=\"lazy\" decoding=\"async\" class=\"alignnone size-medium wp-image-14526\" src=\"http:\/\/blogdorogeriogomes.com.br\/wp-content\/uploads\/2019\/11\/IMG_20191111_060644_992-300x235.jpg\" alt=\"IMG_20191111_060644_992\" width=\"300\" height=\"235\" srcset=\"https:\/\/blogdorogeriogomes.com.br\/noticias\/wp-content\/uploads\/2019\/11\/IMG_20191111_060644_992-300x235.jpg 300w, https:\/\/blogdorogeriogomes.com.br\/noticias\/wp-content\/uploads\/2019\/11\/IMG_20191111_060644_992.jpg 581w\" sizes=\"auto, (max-width: 300px) 100vw, 300px\" \/><\/p>\n<p>O ex-presidente da Bol\u00edvia, Evo Morales, renunciou ao cargo de presidente ap\u00f3s 13 anos no poder e denunciou pelo Twitter que um policial anunciou ter um mandado de pris\u00e3o para prend\u00ea-lo. Morales classificou a a\u00e7\u00e3o como ilegal. O M\u00e9xico ofereceu asilo a ele.<br \/>\nA Bol\u00edvia virou palco de uma s\u00e9rie de inc\u00eandios, saques e ataques a resid\u00eancias, incluindo a do pr\u00f3prio ex-governante. A capital La Paz e as cidades de El Alto e Cochabamba, entre outras das maiores do pa\u00eds, registram v\u00e1rios desses casos.<br \/>\nMilitares j\u00e1 vinham em movimento para intervir no comando do Pa\u00eds. Mar\u00eda Eugenia Choque Quispe, que presidia o Tribunal Superior Eleitoral da Bol\u00edvia, foi presa ap\u00f3s renunciar ao cargo, o vice \u00c1lvaro Linera e os presidentes do Senado e da C\u00e2mara dos Deputados renunciaram ap\u00f3s duas semanas de protestos e uma onda de viol\u00eancia contra aliados do governo.<\/p>\n","protected":false},"excerpt":{"rendered":"<p>O ex-presidente da Bol\u00edvia, Evo Morales, renunciou ao cargo de presidente ap\u00f3s 13 anos no poder e denunciou pelo Twitter que um policial anunciou ter um mandado de pris\u00e3o para prend\u00ea-lo. Morales classificou a a\u00e7\u00e3o como ilegal. O M\u00e9xico ofereceu asilo a ele. A Bol\u00edvia virou palco de uma s\u00e9rie de inc\u00eandios, saques e ataques a resid\u00eancias, incluindo a do pr\u00f3prio ex-governante. A capital La Paz e as cidades de El Alto e Cochabamba, entre outras das maiores do&hellip;<\/p>\n","protected":false},"author":1,"featured_media":0,"comment_status":"open","ping_status":"open","sticky":false,"template":"","format":"standard","meta":{"footnotes":""},"categories":[1],"tags":[],"class_list":["post-14525","post","type-post","status-publish","format-standard","hentry","category-noticias"],"_links":{"self":[{"href":"https:\/\/blogdorogeriogomes.com.br\/noticias\/wp-json\/wp\/v2\/posts\/14525","targetHints":{"allow":["GET"]}}],"collection":[{"href":"https:\/\/blogdorogeriogomes.com.br\/noticias\/wp-json\/wp\/v2\/posts"}],"about":[{"href":"https:\/\/blogdorogeriogomes.com.br\/noticias\/wp-json\/wp\/v2\/types\/post"}],"author":[{"embeddable":true,"href":"https:\/\/blogdorogeriogomes.com.br\/noticias\/wp-json\/wp\/v2\/users\/1"}],"replies":[{"embeddable":true,"href":"https:\/\/blogdorogeriogomes.com.br\/noticias\/wp-json\/wp\/v2\/comments?post=14525"}],"version-history":[{"count":1,"href":"https:\/\/blogdorogeriogomes.com.br\/noticias\/wp-json\/wp\/v2\/posts\/14525\/revisions"}],"predecessor-version":[{"id":14527,"href":"https:\/\/blogdorogeriogomes.com.br\/noticias\/wp-json\/wp\/v2\/posts\/14525\/revisions\/14527"}],"wp:attachment":[{"href":"https:\/\/blogdorogeriogomes.com.br\/noticias\/wp-json\/wp\/v2\/media?parent=14525"}],"wp:term":[{"taxonomy":"category","embeddable":true,"href":"https:\/\/blogdorogeriogomes.com.br\/noticias\/wp-json\/wp\/v2\/categories?post=14525"},{"taxonomy":"post_tag","embeddable":true,"href":"https:\/\/blogdorogeriogomes.com.br\/noticias\/wp-json\/wp\/v2\/tags?post=14525"}],"curies":[{"name":"wp","href":"https:\/\/api.w.org\/{rel}","templated":true}]}}