{"id":14533,"date":"2019-11-11T21:10:12","date_gmt":"2019-11-11T21:10:12","guid":{"rendered":"http:\/\/blogdorogeriogomes.com.br\/?p=14533"},"modified":"2019-11-11T21:10:12","modified_gmt":"2019-11-11T21:10:12","slug":"prefeitura-de-fortaleza-vai-assinar-novo-convenio-para-ampliar-atendimento-no-iprede","status":"publish","type":"post","link":"https:\/\/blogdorogeriogomes.com.br\/noticias\/2019\/11\/prefeitura-de-fortaleza-vai-assinar-novo-convenio-para-ampliar-atendimento-no-iprede\/","title":{"rendered":"Prefeitura de Fortaleza vai assinar novo conv\u00eanio para ampliar atendimento no Iprede"},"content":{"rendered":"<p><img loading=\"lazy\" decoding=\"async\" class=\"alignnone size-medium wp-image-14535\" src=\"http:\/\/blogdorogeriogomes.com.br\/wp-content\/uploads\/2019\/11\/IMG_20191111_180556_181-300x300.jpg\" alt=\"IMG_20191111_180556_181\" width=\"300\" height=\"300\" srcset=\"https:\/\/blogdorogeriogomes.com.br\/noticias\/wp-content\/uploads\/2019\/11\/IMG_20191111_180556_181-300x300.jpg 300w, https:\/\/blogdorogeriogomes.com.br\/noticias\/wp-content\/uploads\/2019\/11\/IMG_20191111_180556_181-150x150.jpg 150w, https:\/\/blogdorogeriogomes.com.br\/noticias\/wp-content\/uploads\/2019\/11\/IMG_20191111_180556_181.jpg 381w\" sizes=\"auto, (max-width: 300px) 100vw, 300px\" \/><\/p>\n<p>O prefeito de Fortaleza, Roberto Cl\u00e1udio e a secret\u00e1ria da Sa\u00fade, Joana Maciel assinam nesta ter\u00e7a-feira, dia 12 de novembro, novo conv\u00eanio com o Instituto da Primeira Inf\u00e2ncia (Iprede), com o objetivo de ampliar o atendimento do servi\u00e7o do p\u00fablico infantil da Capital. O evento acontece na pr\u00f3pria sede do Iprede.<br \/>\nO Iprede foi fundado em 1986 por um grupo de profissionais sensibilizados pela condi\u00e7\u00e3o das crian\u00e7as em desnutri\u00e7\u00e3o grave e vivendo em situa\u00e7\u00e3o de vulnerabilidade social e pobreza.<br \/>\nO Iprede atende cerca de 900 fam\u00edlias por m\u00eas. E a necessidade de doa\u00e7\u00f5es \u00e9 cada vez maior. Atualmente, a institui\u00e7\u00e3o distribui 450 latas de leite por dia e consome 15 toneladas de alimentos por m\u00eas.<\/p>\n","protected":false},"excerpt":{"rendered":"<p>O prefeito de Fortaleza, Roberto Cl\u00e1udio e a secret\u00e1ria da Sa\u00fade, Joana Maciel assinam nesta ter\u00e7a-feira, dia 12 de novembro, novo conv\u00eanio com o Instituto da Primeira Inf\u00e2ncia (Iprede), com o objetivo de ampliar o atendimento do servi\u00e7o do p\u00fablico infantil da Capital. O evento acontece na pr\u00f3pria sede do Iprede. O Iprede foi fundado em 1986 por um grupo de profissionais sensibilizados pela condi\u00e7\u00e3o das crian\u00e7as em desnutri\u00e7\u00e3o grave e vivendo em situa\u00e7\u00e3o de vulnerabilidade social e pobreza.&hellip;<\/p>\n","protected":false},"author":1,"featured_media":0,"comment_status":"open","ping_status":"open","sticky":false,"template":"","format":"standard","meta":{"footnotes":""},"categories":[1],"tags":[],"class_list":["post-14533","post","type-post","status-publish","format-standard","hentry","category-noticias"],"_links":{"self":[{"href":"https:\/\/blogdorogeriogomes.com.br\/noticias\/wp-json\/wp\/v2\/posts\/14533","targetHints":{"allow":["GET"]}}],"collection":[{"href":"https:\/\/blogdorogeriogomes.com.br\/noticias\/wp-json\/wp\/v2\/posts"}],"about":[{"href":"https:\/\/blogdorogeriogomes.com.br\/noticias\/wp-json\/wp\/v2\/types\/post"}],"author":[{"embeddable":true,"href":"https:\/\/blogdorogeriogomes.com.br\/noticias\/wp-json\/wp\/v2\/users\/1"}],"replies":[{"embeddable":true,"href":"https:\/\/blogdorogeriogomes.com.br\/noticias\/wp-json\/wp\/v2\/comments?post=14533"}],"version-history":[{"count":1,"href":"https:\/\/blogdorogeriogomes.com.br\/noticias\/wp-json\/wp\/v2\/posts\/14533\/revisions"}],"predecessor-version":[{"id":14536,"href":"https:\/\/blogdorogeriogomes.com.br\/noticias\/wp-json\/wp\/v2\/posts\/14533\/revisions\/14536"}],"wp:attachment":[{"href":"https:\/\/blogdorogeriogomes.com.br\/noticias\/wp-json\/wp\/v2\/media?parent=14533"}],"wp:term":[{"taxonomy":"category","embeddable":true,"href":"https:\/\/blogdorogeriogomes.com.br\/noticias\/wp-json\/wp\/v2\/categories?post=14533"},{"taxonomy":"post_tag","embeddable":true,"href":"https:\/\/blogdorogeriogomes.com.br\/noticias\/wp-json\/wp\/v2\/tags?post=14533"}],"curies":[{"name":"wp","href":"https:\/\/api.w.org\/{rel}","templated":true}]}}