{"id":14537,"date":"2019-11-12T08:54:32","date_gmt":"2019-11-12T08:54:32","guid":{"rendered":"http:\/\/blogdorogeriogomes.com.br\/?p=14537"},"modified":"2019-11-12T08:54:32","modified_gmt":"2019-11-12T08:54:32","slug":"luiz-fux-determina-suspensao-de-julgamento-de-deltan-dallagnol-no-conselho-nacional-do-ministerio-publico","status":"publish","type":"post","link":"https:\/\/blogdorogeriogomes.com.br\/noticias\/2019\/11\/luiz-fux-determina-suspensao-de-julgamento-de-deltan-dallagnol-no-conselho-nacional-do-ministerio-publico\/","title":{"rendered":"Luiz Fux determina suspens\u00e3o de julgamento de Deltan Dallagnol no Conselho Nacional do Minist\u00e9rio P\u00fablico"},"content":{"rendered":"<p><img loading=\"lazy\" decoding=\"async\" class=\"alignnone size-medium wp-image-14538\" src=\"http:\/\/blogdorogeriogomes.com.br\/wp-content\/uploads\/2019\/11\/IMG_20191112_055005_647-300x166.jpg\" alt=\"IMG_20191112_055005_647\" width=\"300\" height=\"166\" srcset=\"https:\/\/blogdorogeriogomes.com.br\/noticias\/wp-content\/uploads\/2019\/11\/IMG_20191112_055005_647-300x166.jpg 300w, https:\/\/blogdorogeriogomes.com.br\/noticias\/wp-content\/uploads\/2019\/11\/IMG_20191112_055005_647.jpg 698w\" sizes=\"auto, (max-width: 300px) 100vw, 300px\" \/><\/p>\n<p>De acordar com reportagem do O Globo, o ministro do Supremo Tribunal Federal (STF) Luiz Fux determinou a suspens\u00e3o do julgamento de um dos processos disciplinares contra o procurador Deltan Dallagnol no Conselho Nacional do Minist\u00e9rio P\u00fablico (CNMP), que estava previsto para ocorrer nesta ter\u00e7a-feira, dia 12 de novembro.<br \/>\nFux atendeu ao pedido do pr\u00f3prio procurador que moveu a\u00e7\u00e3o no STF pedindo a suspens\u00e3o, argumentando que \u00e9 alvo de afrontas \u00e0 Constitui\u00e7\u00e3o e \u00e0 Conven\u00e7\u00e3o Americana de Direitos Humanos.<br \/>\nReportagens da Vaza Jato revelaram mensagens em um grupo de procuradores, em que Dallagnol conta ter conversado v\u00e1rias vezes de \u201cforma reservada\u201d com o ministro Luiz Fux durante o andamento da Opera\u00e7\u00e3o Lava Jato.<br \/>\nA previs\u00e3o de integrantes do Conselho era de que Dallagnol poderia ser condenado por 8 votos a 3. H\u00e1 outros dois processos em pauta envolvendo o coordenador da for\u00e7a-tarefa da Lava Jato no Paran\u00e1 que poder\u00e3o ser pautados.<\/p>\n","protected":false},"excerpt":{"rendered":"<p>De acordar com reportagem do O Globo, o ministro do Supremo Tribunal Federal (STF) Luiz Fux determinou a suspens\u00e3o do julgamento de um dos processos disciplinares contra o procurador Deltan Dallagnol no Conselho Nacional do Minist\u00e9rio P\u00fablico (CNMP), que estava previsto para ocorrer nesta ter\u00e7a-feira, dia 12 de novembro. Fux atendeu ao pedido do pr\u00f3prio procurador que moveu a\u00e7\u00e3o no STF pedindo a suspens\u00e3o, argumentando que \u00e9 alvo de afrontas \u00e0 Constitui\u00e7\u00e3o e \u00e0 Conven\u00e7\u00e3o Americana de Direitos Humanos.&hellip;<\/p>\n","protected":false},"author":1,"featured_media":0,"comment_status":"open","ping_status":"open","sticky":false,"template":"","format":"standard","meta":{"footnotes":""},"categories":[1],"tags":[],"class_list":["post-14537","post","type-post","status-publish","format-standard","hentry","category-noticias"],"_links":{"self":[{"href":"https:\/\/blogdorogeriogomes.com.br\/noticias\/wp-json\/wp\/v2\/posts\/14537","targetHints":{"allow":["GET"]}}],"collection":[{"href":"https:\/\/blogdorogeriogomes.com.br\/noticias\/wp-json\/wp\/v2\/posts"}],"about":[{"href":"https:\/\/blogdorogeriogomes.com.br\/noticias\/wp-json\/wp\/v2\/types\/post"}],"author":[{"embeddable":true,"href":"https:\/\/blogdorogeriogomes.com.br\/noticias\/wp-json\/wp\/v2\/users\/1"}],"replies":[{"embeddable":true,"href":"https:\/\/blogdorogeriogomes.com.br\/noticias\/wp-json\/wp\/v2\/comments?post=14537"}],"version-history":[{"count":1,"href":"https:\/\/blogdorogeriogomes.com.br\/noticias\/wp-json\/wp\/v2\/posts\/14537\/revisions"}],"predecessor-version":[{"id":14539,"href":"https:\/\/blogdorogeriogomes.com.br\/noticias\/wp-json\/wp\/v2\/posts\/14537\/revisions\/14539"}],"wp:attachment":[{"href":"https:\/\/blogdorogeriogomes.com.br\/noticias\/wp-json\/wp\/v2\/media?parent=14537"}],"wp:term":[{"taxonomy":"category","embeddable":true,"href":"https:\/\/blogdorogeriogomes.com.br\/noticias\/wp-json\/wp\/v2\/categories?post=14537"},{"taxonomy":"post_tag","embeddable":true,"href":"https:\/\/blogdorogeriogomes.com.br\/noticias\/wp-json\/wp\/v2\/tags?post=14537"}],"curies":[{"name":"wp","href":"https:\/\/api.w.org\/{rel}","templated":true}]}}