{"id":14540,"date":"2019-11-12T09:17:18","date_gmt":"2019-11-12T09:17:18","guid":{"rendered":"http:\/\/blogdorogeriogomes.com.br\/?p=14540"},"modified":"2019-11-12T09:17:18","modified_gmt":"2019-11-12T09:17:18","slug":"governo-afrouxa-regras-pra-gerar-empregos-passa-a-cobrar-inss-no-seguro-desemprego-e-acaba-com-seguro-dpvat","status":"publish","type":"post","link":"https:\/\/blogdorogeriogomes.com.br\/noticias\/2019\/11\/governo-afrouxa-regras-pra-gerar-empregos-passa-a-cobrar-inss-no-seguro-desemprego-e-acaba-com-seguro-dpvat\/","title":{"rendered":"Governo afrouxa regras pra gerar empregos, passa a cobrar INSS no seguro-desemprego e acaba com Seguro DPVAT"},"content":{"rendered":"<p><img loading=\"lazy\" decoding=\"async\" class=\"alignnone size-medium wp-image-14541\" src=\"http:\/\/blogdorogeriogomes.com.br\/wp-content\/uploads\/2019\/11\/IMG_20191112_060916_052-300x220.jpg\" alt=\"IMG_20191112_060916_052\" width=\"300\" height=\"220\" srcset=\"https:\/\/blogdorogeriogomes.com.br\/noticias\/wp-content\/uploads\/2019\/11\/IMG_20191112_060916_052-300x220.jpg 300w, https:\/\/blogdorogeriogomes.com.br\/noticias\/wp-content\/uploads\/2019\/11\/IMG_20191112_060916_052.jpg 617w\" sizes=\"auto, (max-width: 300px) 100vw, 300px\" \/><\/p>\n<p>O Governo Bolsonaro lan\u00e7ou um programa com o objetivo de gerar vagas para jovens entre 18 e 29 anos. Entre as propostas apresentadas est\u00e3o as seguintes medidas: quem for contratado pelo programa vai receber FGTS menor. Al\u00e9m disso, a multa do FGTS em caso de demiss\u00e3o ser\u00e1 metade da paga aos demais trabalhadores. As empresas tamb\u00e9m n\u00e3o pagar\u00e3o a contribui\u00e7\u00e3o patronal de 20% ao INSS.<br \/>\nA ideia \u00e9 estimular cria\u00e7\u00e3o de emprego para at\u00e9 1,5 sal\u00e1rio m\u00ednimo. No entanto, fica a preocupa\u00e7\u00e3o com a possibilidade da iniciativa privada aproveitar o afrouxamento das regras para fazer a troca de funcion\u00e1rios mais caros pelos mais baratos.<br \/>\nO governo vai passar a cobrar contribui\u00e7\u00f5es previdenci\u00e1rias de todas as pessoas que receberem seguro-desemprego. Hoje, o trabalhador demitido sem justa causa recebe o seguro sem a cobran\u00e7a do INSS. A partir de agora, receber\u00e1 o valor j\u00e1 com desconto de 7,5% da contribui\u00e7\u00e3o.<br \/>\nDe quebra, Bolsonaro ainda assinou uma Medida Provis\u00f3ria que acaba com o Seguro DPVAT, que indeniza v\u00edtimas de acidente de tr\u00e2nsito, a partir de 2020. Mas se a medida provis\u00f3ria n\u00e3o for aprovada pelo Congresso em 120 dias perde a validade.<\/p>\n","protected":false},"excerpt":{"rendered":"<p>O Governo Bolsonaro lan\u00e7ou um programa com o objetivo de gerar vagas para jovens entre 18 e 29 anos. Entre as propostas apresentadas est\u00e3o as seguintes medidas: quem for contratado pelo programa vai receber FGTS menor. Al\u00e9m disso, a multa do FGTS em caso de demiss\u00e3o ser\u00e1 metade da paga aos demais trabalhadores. As empresas tamb\u00e9m n\u00e3o pagar\u00e3o a contribui\u00e7\u00e3o patronal de 20% ao INSS. A ideia \u00e9 estimular cria\u00e7\u00e3o de emprego para at\u00e9 1,5 sal\u00e1rio m\u00ednimo. No entanto,&hellip;<\/p>\n","protected":false},"author":1,"featured_media":0,"comment_status":"open","ping_status":"open","sticky":false,"template":"","format":"standard","meta":{"footnotes":""},"categories":[1],"tags":[],"class_list":["post-14540","post","type-post","status-publish","format-standard","hentry","category-noticias"],"_links":{"self":[{"href":"https:\/\/blogdorogeriogomes.com.br\/noticias\/wp-json\/wp\/v2\/posts\/14540","targetHints":{"allow":["GET"]}}],"collection":[{"href":"https:\/\/blogdorogeriogomes.com.br\/noticias\/wp-json\/wp\/v2\/posts"}],"about":[{"href":"https:\/\/blogdorogeriogomes.com.br\/noticias\/wp-json\/wp\/v2\/types\/post"}],"author":[{"embeddable":true,"href":"https:\/\/blogdorogeriogomes.com.br\/noticias\/wp-json\/wp\/v2\/users\/1"}],"replies":[{"embeddable":true,"href":"https:\/\/blogdorogeriogomes.com.br\/noticias\/wp-json\/wp\/v2\/comments?post=14540"}],"version-history":[{"count":1,"href":"https:\/\/blogdorogeriogomes.com.br\/noticias\/wp-json\/wp\/v2\/posts\/14540\/revisions"}],"predecessor-version":[{"id":14542,"href":"https:\/\/blogdorogeriogomes.com.br\/noticias\/wp-json\/wp\/v2\/posts\/14540\/revisions\/14542"}],"wp:attachment":[{"href":"https:\/\/blogdorogeriogomes.com.br\/noticias\/wp-json\/wp\/v2\/media?parent=14540"}],"wp:term":[{"taxonomy":"category","embeddable":true,"href":"https:\/\/blogdorogeriogomes.com.br\/noticias\/wp-json\/wp\/v2\/categories?post=14540"},{"taxonomy":"post_tag","embeddable":true,"href":"https:\/\/blogdorogeriogomes.com.br\/noticias\/wp-json\/wp\/v2\/tags?post=14540"}],"curies":[{"name":"wp","href":"https:\/\/api.w.org\/{rel}","templated":true}]}}