{"id":14543,"date":"2019-11-12T21:02:37","date_gmt":"2019-11-12T21:02:37","guid":{"rendered":"http:\/\/blogdorogeriogomes.com.br\/?p=14543"},"modified":"2019-11-12T21:02:37","modified_gmt":"2019-11-12T21:02:37","slug":"assembleia-legislativa-recebe-proposta-do-executivo-para-ceder-predio-do-antigo-lord-hotel-para-sediar-camara-municipal-no-centro","status":"publish","type":"post","link":"https:\/\/blogdorogeriogomes.com.br\/noticias\/2019\/11\/assembleia-legislativa-recebe-proposta-do-executivo-para-ceder-predio-do-antigo-lord-hotel-para-sediar-camara-municipal-no-centro\/","title":{"rendered":"Assembleia Legislativa recebe proposta do Executivo para ceder pr\u00e9dio do antigo Lord Hotel para sediar C\u00e2mara Municipal no Centro"},"content":{"rendered":"<p><img loading=\"lazy\" decoding=\"async\" class=\"alignnone size-medium wp-image-14544\" src=\"http:\/\/blogdorogeriogomes.com.br\/wp-content\/uploads\/2019\/11\/IMG_20191112_174720_425-300x225.jpg\" alt=\"IMG_20191112_174720_425\" width=\"300\" height=\"225\" srcset=\"https:\/\/blogdorogeriogomes.com.br\/noticias\/wp-content\/uploads\/2019\/11\/IMG_20191112_174720_425-300x225.jpg 300w, https:\/\/blogdorogeriogomes.com.br\/noticias\/wp-content\/uploads\/2019\/11\/IMG_20191112_174720_425.jpg 500w\" sizes=\"auto, (max-width: 300px) 100vw, 300px\" \/><\/p>\n<p>O projeto de transferir a sede da C\u00e2mara Municipal de Fortaleza do bairro Patriolino Ribeiro para o Centro da Capital ganha for\u00e7a. Come\u00e7ou a tramitar esta semana na Assembleia Legislativa, o projeto do Executivo que cede o pr\u00e9dio do antigo Lord Hotel, pr\u00f3ximo ao Theatro Jos\u00e9 de Alencar, para que o Legislativo Municipal construa suas novas instala\u00e7\u00f5es. A proposta deve ser analisada pelos deputados estaduais.<br \/>\nA C\u00e2mara Municipal fica autorizada a usar o pr\u00e9dio por pelo menos 25 anos. A ideia de transferir a sede do Legislativo para o Centro faz parte dos esfor\u00e7os de reocupar e requalificar a \u00e1rea central de Fortaleza. Nos \u00faltimos anos, a proposta \u00e9 defendida por v\u00e1rios vereadores, que veem a oportunidade das a\u00e7\u00f5es da C\u00e2mara terem mais visibilidade da popula\u00e7\u00e3o.<\/p>\n","protected":false},"excerpt":{"rendered":"<p>O projeto de transferir a sede da C\u00e2mara Municipal de Fortaleza do bairro Patriolino Ribeiro para o Centro da Capital ganha for\u00e7a. Come\u00e7ou a tramitar esta semana na Assembleia Legislativa, o projeto do Executivo que cede o pr\u00e9dio do antigo Lord Hotel, pr\u00f3ximo ao Theatro Jos\u00e9 de Alencar, para que o Legislativo Municipal construa suas novas instala\u00e7\u00f5es. A proposta deve ser analisada pelos deputados estaduais. A C\u00e2mara Municipal fica autorizada a usar o pr\u00e9dio por pelo menos 25 anos.&hellip;<\/p>\n","protected":false},"author":1,"featured_media":0,"comment_status":"open","ping_status":"open","sticky":false,"template":"","format":"standard","meta":{"footnotes":""},"categories":[1],"tags":[],"class_list":["post-14543","post","type-post","status-publish","format-standard","hentry","category-noticias"],"_links":{"self":[{"href":"https:\/\/blogdorogeriogomes.com.br\/noticias\/wp-json\/wp\/v2\/posts\/14543","targetHints":{"allow":["GET"]}}],"collection":[{"href":"https:\/\/blogdorogeriogomes.com.br\/noticias\/wp-json\/wp\/v2\/posts"}],"about":[{"href":"https:\/\/blogdorogeriogomes.com.br\/noticias\/wp-json\/wp\/v2\/types\/post"}],"author":[{"embeddable":true,"href":"https:\/\/blogdorogeriogomes.com.br\/noticias\/wp-json\/wp\/v2\/users\/1"}],"replies":[{"embeddable":true,"href":"https:\/\/blogdorogeriogomes.com.br\/noticias\/wp-json\/wp\/v2\/comments?post=14543"}],"version-history":[{"count":1,"href":"https:\/\/blogdorogeriogomes.com.br\/noticias\/wp-json\/wp\/v2\/posts\/14543\/revisions"}],"predecessor-version":[{"id":14545,"href":"https:\/\/blogdorogeriogomes.com.br\/noticias\/wp-json\/wp\/v2\/posts\/14543\/revisions\/14545"}],"wp:attachment":[{"href":"https:\/\/blogdorogeriogomes.com.br\/noticias\/wp-json\/wp\/v2\/media?parent=14543"}],"wp:term":[{"taxonomy":"category","embeddable":true,"href":"https:\/\/blogdorogeriogomes.com.br\/noticias\/wp-json\/wp\/v2\/categories?post=14543"},{"taxonomy":"post_tag","embeddable":true,"href":"https:\/\/blogdorogeriogomes.com.br\/noticias\/wp-json\/wp\/v2\/tags?post=14543"}],"curies":[{"name":"wp","href":"https:\/\/api.w.org\/{rel}","templated":true}]}}