{"id":14550,"date":"2019-11-13T09:14:14","date_gmt":"2019-11-13T09:14:14","guid":{"rendered":"http:\/\/blogdorogeriogomes.com.br\/?p=14550"},"modified":"2019-11-13T09:14:14","modified_gmt":"2019-11-13T09:14:14","slug":"vereadores-de-fortaleza-aprovam-concessao-de-espigoes-da-orla-para-a-iniciativa-privada","status":"publish","type":"post","link":"https:\/\/blogdorogeriogomes.com.br\/noticias\/2019\/11\/vereadores-de-fortaleza-aprovam-concessao-de-espigoes-da-orla-para-a-iniciativa-privada\/","title":{"rendered":"Vereadores de Fortaleza aprovam concess\u00e3o de espig\u00f5es da orla para a iniciativa privada"},"content":{"rendered":"<p><img loading=\"lazy\" decoding=\"async\" class=\"alignnone size-medium wp-image-14552\" src=\"http:\/\/blogdorogeriogomes.com.br\/wp-content\/uploads\/2019\/11\/IMG_20191113_061015_310-300x201.jpg\" alt=\"IMG_20191113_061015_310\" width=\"300\" height=\"201\" srcset=\"https:\/\/blogdorogeriogomes.com.br\/noticias\/wp-content\/uploads\/2019\/11\/IMG_20191113_061015_310-300x201.jpg 300w, https:\/\/blogdorogeriogomes.com.br\/noticias\/wp-content\/uploads\/2019\/11\/IMG_20191113_061015_310.jpg 422w\" sizes=\"auto, (max-width: 300px) 100vw, 300px\" \/><\/p>\n<p>A C\u00e2mara Municipal de Fortaleza aprovou a mensagem que autoriza a Prefeitura da Capital a realizar a concess\u00e3o de tr\u00eas espig\u00f5es localizados na avenida Beira Mar, al\u00e9m do Mercado dos Peixes, para a iniciativa privada. Um dos objetivos da Prefeitura \u00e9 zerar gastos com manuten\u00e7\u00e3o com os equipamentos, al\u00e9m da proje\u00e7\u00e3o de arrecada\u00e7\u00e3o de R$ 4,1 milh\u00f5es com as outorgas onerosas que devem ser pagas pelos empreendimentos privados.<br \/>\nA arrecada\u00e7\u00e3o deve ser realizada ao longo de oito anos, prazo fixado para a concess\u00e3o dos espig\u00f5es da Rua Jo\u00e3o Cordeiro, e das avenidas Rui Barbosa e Desembargador Moreira.<br \/>\nDentro do processo de requalifica\u00e7\u00e3o da Beira-Mar, o Munic\u00edpio tem uma estimativa de investimento privado em obras estruturais no valor de R$ 10,6 milh\u00f5es, al\u00e9m de R$ 3,2 milh\u00f5es em aquisi\u00e7\u00e3o e adapta\u00e7\u00e3o de cont\u00eaineres na extens\u00e3o dos espig\u00f5es.<\/p>\n","protected":false},"excerpt":{"rendered":"<p>A C\u00e2mara Municipal de Fortaleza aprovou a mensagem que autoriza a Prefeitura da Capital a realizar a concess\u00e3o de tr\u00eas espig\u00f5es localizados na avenida Beira Mar, al\u00e9m do Mercado dos Peixes, para a iniciativa privada. Um dos objetivos da Prefeitura \u00e9 zerar gastos com manuten\u00e7\u00e3o com os equipamentos, al\u00e9m da proje\u00e7\u00e3o de arrecada\u00e7\u00e3o de R$ 4,1 milh\u00f5es com as outorgas onerosas que devem ser pagas pelos empreendimentos privados. A arrecada\u00e7\u00e3o deve ser realizada ao longo de oito anos, prazo&hellip;<\/p>\n","protected":false},"author":1,"featured_media":0,"comment_status":"open","ping_status":"open","sticky":false,"template":"","format":"standard","meta":{"footnotes":""},"categories":[1],"tags":[],"class_list":["post-14550","post","type-post","status-publish","format-standard","hentry","category-noticias"],"_links":{"self":[{"href":"https:\/\/blogdorogeriogomes.com.br\/noticias\/wp-json\/wp\/v2\/posts\/14550","targetHints":{"allow":["GET"]}}],"collection":[{"href":"https:\/\/blogdorogeriogomes.com.br\/noticias\/wp-json\/wp\/v2\/posts"}],"about":[{"href":"https:\/\/blogdorogeriogomes.com.br\/noticias\/wp-json\/wp\/v2\/types\/post"}],"author":[{"embeddable":true,"href":"https:\/\/blogdorogeriogomes.com.br\/noticias\/wp-json\/wp\/v2\/users\/1"}],"replies":[{"embeddable":true,"href":"https:\/\/blogdorogeriogomes.com.br\/noticias\/wp-json\/wp\/v2\/comments?post=14550"}],"version-history":[{"count":1,"href":"https:\/\/blogdorogeriogomes.com.br\/noticias\/wp-json\/wp\/v2\/posts\/14550\/revisions"}],"predecessor-version":[{"id":14553,"href":"https:\/\/blogdorogeriogomes.com.br\/noticias\/wp-json\/wp\/v2\/posts\/14550\/revisions\/14553"}],"wp:attachment":[{"href":"https:\/\/blogdorogeriogomes.com.br\/noticias\/wp-json\/wp\/v2\/media?parent=14550"}],"wp:term":[{"taxonomy":"category","embeddable":true,"href":"https:\/\/blogdorogeriogomes.com.br\/noticias\/wp-json\/wp\/v2\/categories?post=14550"},{"taxonomy":"post_tag","embeddable":true,"href":"https:\/\/blogdorogeriogomes.com.br\/noticias\/wp-json\/wp\/v2\/tags?post=14550"}],"curies":[{"name":"wp","href":"https:\/\/api.w.org\/{rel}","templated":true}]}}