{"id":14554,"date":"2019-11-13T14:55:09","date_gmt":"2019-11-13T14:55:09","guid":{"rendered":"http:\/\/blogdorogeriogomes.com.br\/?p=14554"},"modified":"2019-11-13T14:55:09","modified_gmt":"2019-11-13T14:55:09","slug":"projeto-escola-areninha-promete-ampliar-oferta-de-vagas-de-tempo-integral-em-fortaleza","status":"publish","type":"post","link":"https:\/\/blogdorogeriogomes.com.br\/noticias\/2019\/11\/projeto-escola-areninha-promete-ampliar-oferta-de-vagas-de-tempo-integral-em-fortaleza\/","title":{"rendered":"Projeto Escola Areninha promete ampliar oferta de vagas de tempo integral em Fortaleza"},"content":{"rendered":"<p><img loading=\"lazy\" decoding=\"async\" class=\"alignnone size-medium wp-image-14555\" src=\"http:\/\/blogdorogeriogomes.com.br\/wp-content\/uploads\/2019\/11\/IMG_20191113_113819_055-300x251.jpg\" alt=\"IMG_20191113_113819_055\" width=\"300\" height=\"251\" srcset=\"https:\/\/blogdorogeriogomes.com.br\/noticias\/wp-content\/uploads\/2019\/11\/IMG_20191113_113819_055-300x251.jpg 300w, https:\/\/blogdorogeriogomes.com.br\/noticias\/wp-content\/uploads\/2019\/11\/IMG_20191113_113819_055-768x641.jpg 768w, https:\/\/blogdorogeriogomes.com.br\/noticias\/wp-content\/uploads\/2019\/11\/IMG_20191113_113819_055-1024x855.jpg 1024w\" sizes=\"auto, (max-width: 300px) 100vw, 300px\" \/><\/p>\n<p>Ampliar as vagas de tempo integral em Fortaleza. Esta \u00e9 a meta do prefeito Roberto Cl\u00e1udio, que lan\u00e7ou, nesta quarta-feira, dia 13 de novembro, o projeto Escola Areninha \u2013 Esporte e Educa\u00e7\u00e3o em Tempo Integral. O objetivo \u00e9 fortalecer aprendizagem dos alunos rede municipal com a amplia\u00e7\u00e3o do acesso a pr\u00e1ticas esportivas.<br \/>\nV\u00e3o participar do projeto alunos do 6\u00b0 ao 9\u00ba ano do Ensino Fundamental que estudem em escolas municipais localizadas no entorno das Areninhas. As atividades acontecer\u00e3o no contraturno escolar. Os alunos ter\u00e3o aulas de futebol de campo, fortalecimento da aprendizagem em l\u00edngua portuguesa e matem\u00e1tica e forma\u00e7\u00e3o para cidadania.<br \/>\nEm cada Areninha, o projeto Escola Areninha deve atender at\u00e9 320 alunos da Rede Municipal, divididos em oito turmas. Para estes alunos com atividades no contraturno escolar, por meio do projeto, a SME oferta almo\u00e7o, lanche, fardamento, kit pedag\u00f3gico, transporte, monitores e acompanhamento pedag\u00f3gico.<br \/>\nA meta da Prefeitura com o projeto Escola Areninha \u00e9 ampliar o atendimento em tempo integral na Capital. At\u00e9 o fim de 2020, o objetivo \u00e9 contemplar 50% das matr\u00edculas oferecidas na rede municipal.<\/p>\n","protected":false},"excerpt":{"rendered":"<p>Ampliar as vagas de tempo integral em Fortaleza. Esta \u00e9 a meta do prefeito Roberto Cl\u00e1udio, que lan\u00e7ou, nesta quarta-feira, dia 13 de novembro, o projeto Escola Areninha \u2013 Esporte e Educa\u00e7\u00e3o em Tempo Integral. O objetivo \u00e9 fortalecer aprendizagem dos alunos rede municipal com a amplia\u00e7\u00e3o do acesso a pr\u00e1ticas esportivas. V\u00e3o participar do projeto alunos do 6\u00b0 ao 9\u00ba ano do Ensino Fundamental que estudem em escolas municipais localizadas no entorno das Areninhas. As atividades acontecer\u00e3o no&hellip;<\/p>\n","protected":false},"author":1,"featured_media":0,"comment_status":"open","ping_status":"open","sticky":false,"template":"","format":"standard","meta":{"footnotes":""},"categories":[1],"tags":[],"class_list":["post-14554","post","type-post","status-publish","format-standard","hentry","category-noticias"],"_links":{"self":[{"href":"https:\/\/blogdorogeriogomes.com.br\/noticias\/wp-json\/wp\/v2\/posts\/14554","targetHints":{"allow":["GET"]}}],"collection":[{"href":"https:\/\/blogdorogeriogomes.com.br\/noticias\/wp-json\/wp\/v2\/posts"}],"about":[{"href":"https:\/\/blogdorogeriogomes.com.br\/noticias\/wp-json\/wp\/v2\/types\/post"}],"author":[{"embeddable":true,"href":"https:\/\/blogdorogeriogomes.com.br\/noticias\/wp-json\/wp\/v2\/users\/1"}],"replies":[{"embeddable":true,"href":"https:\/\/blogdorogeriogomes.com.br\/noticias\/wp-json\/wp\/v2\/comments?post=14554"}],"version-history":[{"count":1,"href":"https:\/\/blogdorogeriogomes.com.br\/noticias\/wp-json\/wp\/v2\/posts\/14554\/revisions"}],"predecessor-version":[{"id":14556,"href":"https:\/\/blogdorogeriogomes.com.br\/noticias\/wp-json\/wp\/v2\/posts\/14554\/revisions\/14556"}],"wp:attachment":[{"href":"https:\/\/blogdorogeriogomes.com.br\/noticias\/wp-json\/wp\/v2\/media?parent=14554"}],"wp:term":[{"taxonomy":"category","embeddable":true,"href":"https:\/\/blogdorogeriogomes.com.br\/noticias\/wp-json\/wp\/v2\/categories?post=14554"},{"taxonomy":"post_tag","embeddable":true,"href":"https:\/\/blogdorogeriogomes.com.br\/noticias\/wp-json\/wp\/v2\/tags?post=14554"}],"curies":[{"name":"wp","href":"https:\/\/api.w.org\/{rel}","templated":true}]}}