{"id":14569,"date":"2019-11-14T09:29:49","date_gmt":"2019-11-14T09:29:49","guid":{"rendered":"http:\/\/blogdorogeriogomes.com.br\/?p=14569"},"modified":"2019-11-14T09:29:49","modified_gmt":"2019-11-14T09:29:49","slug":"vereadores-de-fortaleza-buscam-viabilizar-linha-de-credito-para-dar-suporte-a-aplicacao-da-lei-de-inspecao-predial","status":"publish","type":"post","link":"https:\/\/blogdorogeriogomes.com.br\/noticias\/2019\/11\/vereadores-de-fortaleza-buscam-viabilizar-linha-de-credito-para-dar-suporte-a-aplicacao-da-lei-de-inspecao-predial\/","title":{"rendered":"Vereadores de Fortaleza buscam viabilizar linha de cr\u00e9dito para dar suporte a aplica\u00e7\u00e3o da Lei de Inspe\u00e7\u00e3o Predial"},"content":{"rendered":"<p><img loading=\"lazy\" decoding=\"async\" class=\"alignnone size-medium wp-image-14570\" src=\"http:\/\/blogdorogeriogomes.com.br\/wp-content\/uploads\/2019\/11\/IMG_20191114_062321_272-300x198.jpg\" alt=\"IMG_20191114_062321_272\" width=\"300\" height=\"198\" srcset=\"https:\/\/blogdorogeriogomes.com.br\/noticias\/wp-content\/uploads\/2019\/11\/IMG_20191114_062321_272-300x198.jpg 300w, https:\/\/blogdorogeriogomes.com.br\/noticias\/wp-content\/uploads\/2019\/11\/IMG_20191114_062321_272.jpg 498w\" sizes=\"auto, (max-width: 300px) 100vw, 300px\" \/><\/p>\n<p>O presidente da C\u00e2mara Municipal de Fortaleza, vereador Ant\u00f4nio Henrique (PDT), esteve na C\u00e2mara dos Deputados, em Bras\u00edlia, esta semana, em busca de apoio de parlamentares para viabilizar uma linha de cr\u00e9dito nacional para reformas, voltada a fam\u00edlias de baixa renda. Vereadores da Capital se movimentam para tentar dar respostas \u00e0s falhas na aplica\u00e7\u00e3o da Lei de Inspe\u00e7\u00e3o Predial, criada pelo Legislativo em 2012.<br \/>\nAinda este m\u00eas deve acontecer uma reuni\u00e3o entre os vereadores de Fortaleza e a bancada federal do Cear\u00e1 para avaliar a cria\u00e7\u00e3o de mecanismos que deem suporte a moradores que precisem abandonar seus pr\u00e9dios para reforma e para aqueles que n\u00e3o t\u00eam condi\u00e7\u00f5es de custear altera\u00e7\u00f5es necess\u00e1rias \u00e0 seguran\u00e7a da moradia. Uma das propostas levantadas \u00e9 a cria\u00e7\u00e3o de uma linha de cr\u00e9dito junto \u00e0 Caixa Econ\u00f4mica Federal destinada \u00e0s obras de reforma.<\/p>\n","protected":false},"excerpt":{"rendered":"<p>O presidente da C\u00e2mara Municipal de Fortaleza, vereador Ant\u00f4nio Henrique (PDT), esteve na C\u00e2mara dos Deputados, em Bras\u00edlia, esta semana, em busca de apoio de parlamentares para viabilizar uma linha de cr\u00e9dito nacional para reformas, voltada a fam\u00edlias de baixa renda. Vereadores da Capital se movimentam para tentar dar respostas \u00e0s falhas na aplica\u00e7\u00e3o da Lei de Inspe\u00e7\u00e3o Predial, criada pelo Legislativo em 2012. Ainda este m\u00eas deve acontecer uma reuni\u00e3o entre os vereadores de Fortaleza e a bancada&hellip;<\/p>\n","protected":false},"author":1,"featured_media":0,"comment_status":"open","ping_status":"open","sticky":false,"template":"","format":"standard","meta":{"footnotes":""},"categories":[1],"tags":[],"class_list":["post-14569","post","type-post","status-publish","format-standard","hentry","category-noticias"],"_links":{"self":[{"href":"https:\/\/blogdorogeriogomes.com.br\/noticias\/wp-json\/wp\/v2\/posts\/14569","targetHints":{"allow":["GET"]}}],"collection":[{"href":"https:\/\/blogdorogeriogomes.com.br\/noticias\/wp-json\/wp\/v2\/posts"}],"about":[{"href":"https:\/\/blogdorogeriogomes.com.br\/noticias\/wp-json\/wp\/v2\/types\/post"}],"author":[{"embeddable":true,"href":"https:\/\/blogdorogeriogomes.com.br\/noticias\/wp-json\/wp\/v2\/users\/1"}],"replies":[{"embeddable":true,"href":"https:\/\/blogdorogeriogomes.com.br\/noticias\/wp-json\/wp\/v2\/comments?post=14569"}],"version-history":[{"count":1,"href":"https:\/\/blogdorogeriogomes.com.br\/noticias\/wp-json\/wp\/v2\/posts\/14569\/revisions"}],"predecessor-version":[{"id":14571,"href":"https:\/\/blogdorogeriogomes.com.br\/noticias\/wp-json\/wp\/v2\/posts\/14569\/revisions\/14571"}],"wp:attachment":[{"href":"https:\/\/blogdorogeriogomes.com.br\/noticias\/wp-json\/wp\/v2\/media?parent=14569"}],"wp:term":[{"taxonomy":"category","embeddable":true,"href":"https:\/\/blogdorogeriogomes.com.br\/noticias\/wp-json\/wp\/v2\/categories?post=14569"},{"taxonomy":"post_tag","embeddable":true,"href":"https:\/\/blogdorogeriogomes.com.br\/noticias\/wp-json\/wp\/v2\/tags?post=14569"}],"curies":[{"name":"wp","href":"https:\/\/api.w.org\/{rel}","templated":true}]}}