{"id":14572,"date":"2019-11-14T21:42:31","date_gmt":"2019-11-14T21:42:31","guid":{"rendered":"http:\/\/blogdorogeriogomes.com.br\/?p=14572"},"modified":"2019-11-14T21:42:31","modified_gmt":"2019-11-14T21:42:31","slug":"dnit-inicia-reinstalacao-de-fotossensores-nas-brs-que-cortam-o-ceara","status":"publish","type":"post","link":"https:\/\/blogdorogeriogomes.com.br\/noticias\/2019\/11\/dnit-inicia-reinstalacao-de-fotossensores-nas-brs-que-cortam-o-ceara\/","title":{"rendered":"DNIT inicia reinstala\u00e7\u00e3o de fotossensores nas BRs que cortam o Cear\u00e1"},"content":{"rendered":"<p><img loading=\"lazy\" decoding=\"async\" class=\"alignnone size-medium wp-image-14573\" src=\"http:\/\/blogdorogeriogomes.com.br\/wp-content\/uploads\/2019\/11\/IMG_20191114_183701_612-300x252.jpg\" alt=\"IMG_20191114_183701_612\" width=\"300\" height=\"252\" srcset=\"https:\/\/blogdorogeriogomes.com.br\/noticias\/wp-content\/uploads\/2019\/11\/IMG_20191114_183701_612-300x252.jpg 300w, https:\/\/blogdorogeriogomes.com.br\/noticias\/wp-content\/uploads\/2019\/11\/IMG_20191114_183701_612.jpg 539w\" sizes=\"auto, (max-width: 300px) 100vw, 300px\" \/><\/p>\n<p>O Departamento Nacional de Infraestrutura de Transportes (DNIT) deu in\u00edcio neste m\u00eas de novembro a montagem dos radares fixos na BR-116, na zona urbana de Fortaleza. Os fotossensores est\u00e3o sendo reinstalados em rodovias federais do Cear\u00e1 ap\u00f3s acordo judicial homologado no dia 29 de julho deste ano, pela Justi\u00e7a Federal. A previs\u00e3o \u00e9 de que cerca de 70 radares sejam instalados no Estado.<br \/>\nEm mar\u00e7o deste ano, o presidente Jair Bolsonaro publicou no Twitter a decis\u00e3o de cancelar a instala\u00e7\u00e3o de novos radares nas BRs. Teve de recuar da decis\u00e3o e fechou acordo na Justi\u00e7a para reinstalar novos radares nas rodovias federais, ap\u00f3s a\u00e7\u00e3o do Minist\u00e9rio P\u00fablico Federal. Em todo o Pa\u00eds ser\u00e3o reinstalados 1.140 novos equipamentos, a fim de coibir a alta velocidade dos motoristas, principalmente, em trechos urbanos.<\/p>\n","protected":false},"excerpt":{"rendered":"<p>O Departamento Nacional de Infraestrutura de Transportes (DNIT) deu in\u00edcio neste m\u00eas de novembro a montagem dos radares fixos na BR-116, na zona urbana de Fortaleza. Os fotossensores est\u00e3o sendo reinstalados em rodovias federais do Cear\u00e1 ap\u00f3s acordo judicial homologado no dia 29 de julho deste ano, pela Justi\u00e7a Federal. A previs\u00e3o \u00e9 de que cerca de 70 radares sejam instalados no Estado. Em mar\u00e7o deste ano, o presidente Jair Bolsonaro publicou no Twitter a decis\u00e3o de cancelar a&hellip;<\/p>\n","protected":false},"author":1,"featured_media":0,"comment_status":"open","ping_status":"open","sticky":false,"template":"","format":"standard","meta":{"footnotes":""},"categories":[1],"tags":[],"class_list":["post-14572","post","type-post","status-publish","format-standard","hentry","category-noticias"],"_links":{"self":[{"href":"https:\/\/blogdorogeriogomes.com.br\/noticias\/wp-json\/wp\/v2\/posts\/14572","targetHints":{"allow":["GET"]}}],"collection":[{"href":"https:\/\/blogdorogeriogomes.com.br\/noticias\/wp-json\/wp\/v2\/posts"}],"about":[{"href":"https:\/\/blogdorogeriogomes.com.br\/noticias\/wp-json\/wp\/v2\/types\/post"}],"author":[{"embeddable":true,"href":"https:\/\/blogdorogeriogomes.com.br\/noticias\/wp-json\/wp\/v2\/users\/1"}],"replies":[{"embeddable":true,"href":"https:\/\/blogdorogeriogomes.com.br\/noticias\/wp-json\/wp\/v2\/comments?post=14572"}],"version-history":[{"count":1,"href":"https:\/\/blogdorogeriogomes.com.br\/noticias\/wp-json\/wp\/v2\/posts\/14572\/revisions"}],"predecessor-version":[{"id":14574,"href":"https:\/\/blogdorogeriogomes.com.br\/noticias\/wp-json\/wp\/v2\/posts\/14572\/revisions\/14574"}],"wp:attachment":[{"href":"https:\/\/blogdorogeriogomes.com.br\/noticias\/wp-json\/wp\/v2\/media?parent=14572"}],"wp:term":[{"taxonomy":"category","embeddable":true,"href":"https:\/\/blogdorogeriogomes.com.br\/noticias\/wp-json\/wp\/v2\/categories?post=14572"},{"taxonomy":"post_tag","embeddable":true,"href":"https:\/\/blogdorogeriogomes.com.br\/noticias\/wp-json\/wp\/v2\/tags?post=14572"}],"curies":[{"name":"wp","href":"https:\/\/api.w.org\/{rel}","templated":true}]}}