{"id":14575,"date":"2019-11-14T22:07:22","date_gmt":"2019-11-14T22:07:22","guid":{"rendered":"http:\/\/blogdorogeriogomes.com.br\/?p=14575"},"modified":"2019-11-14T22:07:22","modified_gmt":"2019-11-14T22:07:22","slug":"na-primeira-viagem-politica-apos-ser-libertado-lula-se-encontra-com-governadores-do-nordeste","status":"publish","type":"post","link":"https:\/\/blogdorogeriogomes.com.br\/noticias\/2019\/11\/na-primeira-viagem-politica-apos-ser-libertado-lula-se-encontra-com-governadores-do-nordeste\/","title":{"rendered":"Na primeira viagem pol\u00edtica ap\u00f3s ser libertado, Lula se encontra com governadores do Nordeste"},"content":{"rendered":"<p><img loading=\"lazy\" decoding=\"async\" class=\"alignnone size-medium wp-image-14577\" src=\"http:\/\/blogdorogeriogomes.com.br\/wp-content\/uploads\/2019\/11\/IMG_20191114_190201_841-300x186.jpg\" alt=\"IMG_20191114_190201_841\" width=\"300\" height=\"186\" srcset=\"https:\/\/blogdorogeriogomes.com.br\/noticias\/wp-content\/uploads\/2019\/11\/IMG_20191114_190201_841-300x186.jpg 300w, https:\/\/blogdorogeriogomes.com.br\/noticias\/wp-content\/uploads\/2019\/11\/IMG_20191114_190201_841.jpg 679w\" sizes=\"auto, (max-width: 300px) 100vw, 300px\" \/><\/p>\n<p>Em visita a Salvador, na Bahia, nesta quinta-feira, dia 14 de novembro, o ex-presidente Lula participou de um encontro com governadores do Nordeste. Na pauta, o desafio dos gestores para a regi\u00e3o. Lula foi a Bahia para uma reuni\u00e3o da Executiva Nacional do PT.<br \/>\nNo encontro do partido, Lula ressaltou a necessidade do PT resgatar a imagem enquanto protagonista nas disputas nacionais. &#8220;Eles n\u00e3o conseguir\u00e3o tirar o PT da disputa eleitoral do Pa\u00eds com Lula ou sem Lula. Eu posso subir a rampa em 2022 levando o (Fernando) Haddad, levando o Rui (Costa), levando os outros companheiros. Mas o PT tem que levar em conta que o partido s\u00f3 cresce se disputa, n\u00e3o nasceu para ser um partido de apoio&#8221;, disse Lula.<\/p>\n","protected":false},"excerpt":{"rendered":"<p>Em visita a Salvador, na Bahia, nesta quinta-feira, dia 14 de novembro, o ex-presidente Lula participou de um encontro com governadores do Nordeste. Na pauta, o desafio dos gestores para a regi\u00e3o. Lula foi a Bahia para uma reuni\u00e3o da Executiva Nacional do PT. No encontro do partido, Lula ressaltou a necessidade do PT resgatar a imagem enquanto protagonista nas disputas nacionais. &#8220;Eles n\u00e3o conseguir\u00e3o tirar o PT da disputa eleitoral do Pa\u00eds com Lula ou sem Lula. Eu&hellip;<\/p>\n","protected":false},"author":1,"featured_media":0,"comment_status":"open","ping_status":"open","sticky":false,"template":"","format":"standard","meta":{"footnotes":""},"categories":[1],"tags":[],"class_list":["post-14575","post","type-post","status-publish","format-standard","hentry","category-noticias"],"_links":{"self":[{"href":"https:\/\/blogdorogeriogomes.com.br\/noticias\/wp-json\/wp\/v2\/posts\/14575","targetHints":{"allow":["GET"]}}],"collection":[{"href":"https:\/\/blogdorogeriogomes.com.br\/noticias\/wp-json\/wp\/v2\/posts"}],"about":[{"href":"https:\/\/blogdorogeriogomes.com.br\/noticias\/wp-json\/wp\/v2\/types\/post"}],"author":[{"embeddable":true,"href":"https:\/\/blogdorogeriogomes.com.br\/noticias\/wp-json\/wp\/v2\/users\/1"}],"replies":[{"embeddable":true,"href":"https:\/\/blogdorogeriogomes.com.br\/noticias\/wp-json\/wp\/v2\/comments?post=14575"}],"version-history":[{"count":1,"href":"https:\/\/blogdorogeriogomes.com.br\/noticias\/wp-json\/wp\/v2\/posts\/14575\/revisions"}],"predecessor-version":[{"id":14578,"href":"https:\/\/blogdorogeriogomes.com.br\/noticias\/wp-json\/wp\/v2\/posts\/14575\/revisions\/14578"}],"wp:attachment":[{"href":"https:\/\/blogdorogeriogomes.com.br\/noticias\/wp-json\/wp\/v2\/media?parent=14575"}],"wp:term":[{"taxonomy":"category","embeddable":true,"href":"https:\/\/blogdorogeriogomes.com.br\/noticias\/wp-json\/wp\/v2\/categories?post=14575"},{"taxonomy":"post_tag","embeddable":true,"href":"https:\/\/blogdorogeriogomes.com.br\/noticias\/wp-json\/wp\/v2\/tags?post=14575"}],"curies":[{"name":"wp","href":"https:\/\/api.w.org\/{rel}","templated":true}]}}