{"id":14579,"date":"2019-11-15T13:16:57","date_gmt":"2019-11-15T13:16:57","guid":{"rendered":"http:\/\/blogdorogeriogomes.com.br\/?p=14579"},"modified":"2019-11-15T13:16:57","modified_gmt":"2019-11-15T13:16:57","slug":"camara-municipal-aprova-a-contratacao-de-mais-54-medicos-para-os-frotinhas","status":"publish","type":"post","link":"https:\/\/blogdorogeriogomes.com.br\/noticias\/2019\/11\/camara-municipal-aprova-a-contratacao-de-mais-54-medicos-para-os-frotinhas\/","title":{"rendered":"C\u00e2mara Municipal aprova a contrata\u00e7\u00e3o de mais 54 m\u00e9dicos para os Frotinhas"},"content":{"rendered":"<p><img loading=\"lazy\" decoding=\"async\" class=\"alignnone size-medium wp-image-14580\" src=\"http:\/\/blogdorogeriogomes.com.br\/wp-content\/uploads\/2019\/11\/IMG_20191115_100845_539-300x178.jpg\" alt=\"IMG_20191115_100845_539\" width=\"300\" height=\"178\" srcset=\"https:\/\/blogdorogeriogomes.com.br\/noticias\/wp-content\/uploads\/2019\/11\/IMG_20191115_100845_539-300x178.jpg 300w, https:\/\/blogdorogeriogomes.com.br\/noticias\/wp-content\/uploads\/2019\/11\/IMG_20191115_100845_539.jpg 719w\" sizes=\"auto, (max-width: 300px) 100vw, 300px\" \/><\/p>\n<p>Tr\u00eas Frotinhas de Fortaleza v\u00e3o receber o refor\u00e7o de novos m\u00e9dicos. A C\u00e2mara Municipal de Fortaleza aprovou a cria\u00e7\u00e3o de 54 vagas efetivas para m\u00e9dicos na Capital. Os cargos devem ser ocupados por profissionais pertencentes ao cadastro de reserva do concurso p\u00fablico, que selecionou m\u00e9dicos para os hospitais distritais Evandro Ayres de Moura (Frotinha do Ant\u00f4nio Bezerra), Maria Jos\u00e9 Barroso de Oliveira (Frotinha da Parangaba) e Edmilson Barros de Oliveira (Frotinha de Messejana).<br \/>\nSer\u00e3o contratados 29 cirurgi\u00f5es-gerais e 25 cl\u00ednicos-gerais, que, com uma carga hor\u00e1ria de 24 horas semanais e remunera\u00e7\u00e3o mensal de R$ 9.313. O investimento da Prefeitura na contrata\u00e7\u00e3o dos novos m\u00e9dicos ser\u00e1 de R$ 8.447.195 por ano.<\/p>\n","protected":false},"excerpt":{"rendered":"<p>Tr\u00eas Frotinhas de Fortaleza v\u00e3o receber o refor\u00e7o de novos m\u00e9dicos. A C\u00e2mara Municipal de Fortaleza aprovou a cria\u00e7\u00e3o de 54 vagas efetivas para m\u00e9dicos na Capital. Os cargos devem ser ocupados por profissionais pertencentes ao cadastro de reserva do concurso p\u00fablico, que selecionou m\u00e9dicos para os hospitais distritais Evandro Ayres de Moura (Frotinha do Ant\u00f4nio Bezerra), Maria Jos\u00e9 Barroso de Oliveira (Frotinha da Parangaba) e Edmilson Barros de Oliveira (Frotinha de Messejana). Ser\u00e3o contratados 29 cirurgi\u00f5es-gerais e 25&hellip;<\/p>\n","protected":false},"author":1,"featured_media":0,"comment_status":"open","ping_status":"open","sticky":false,"template":"","format":"standard","meta":{"footnotes":""},"categories":[1],"tags":[],"class_list":["post-14579","post","type-post","status-publish","format-standard","hentry","category-noticias"],"_links":{"self":[{"href":"https:\/\/blogdorogeriogomes.com.br\/noticias\/wp-json\/wp\/v2\/posts\/14579","targetHints":{"allow":["GET"]}}],"collection":[{"href":"https:\/\/blogdorogeriogomes.com.br\/noticias\/wp-json\/wp\/v2\/posts"}],"about":[{"href":"https:\/\/blogdorogeriogomes.com.br\/noticias\/wp-json\/wp\/v2\/types\/post"}],"author":[{"embeddable":true,"href":"https:\/\/blogdorogeriogomes.com.br\/noticias\/wp-json\/wp\/v2\/users\/1"}],"replies":[{"embeddable":true,"href":"https:\/\/blogdorogeriogomes.com.br\/noticias\/wp-json\/wp\/v2\/comments?post=14579"}],"version-history":[{"count":1,"href":"https:\/\/blogdorogeriogomes.com.br\/noticias\/wp-json\/wp\/v2\/posts\/14579\/revisions"}],"predecessor-version":[{"id":14581,"href":"https:\/\/blogdorogeriogomes.com.br\/noticias\/wp-json\/wp\/v2\/posts\/14579\/revisions\/14581"}],"wp:attachment":[{"href":"https:\/\/blogdorogeriogomes.com.br\/noticias\/wp-json\/wp\/v2\/media?parent=14579"}],"wp:term":[{"taxonomy":"category","embeddable":true,"href":"https:\/\/blogdorogeriogomes.com.br\/noticias\/wp-json\/wp\/v2\/categories?post=14579"},{"taxonomy":"post_tag","embeddable":true,"href":"https:\/\/blogdorogeriogomes.com.br\/noticias\/wp-json\/wp\/v2\/tags?post=14579"}],"curies":[{"name":"wp","href":"https:\/\/api.w.org\/{rel}","templated":true}]}}