{"id":14589,"date":"2019-11-16T11:07:49","date_gmt":"2019-11-16T11:07:49","guid":{"rendered":"http:\/\/blogdorogeriogomes.com.br\/?p=14589"},"modified":"2019-11-16T11:07:49","modified_gmt":"2019-11-16T11:07:49","slug":"camilo-santana-viaja-a-europa-com-outros-governadores-do-nordeste-para-atrair-investimentos-internacionais","status":"publish","type":"post","link":"https:\/\/blogdorogeriogomes.com.br\/noticias\/2019\/11\/camilo-santana-viaja-a-europa-com-outros-governadores-do-nordeste-para-atrair-investimentos-internacionais\/","title":{"rendered":"Camilo Santana viaja \u00e0 Europa com outros governadores do Nordeste para atrair investimentos internacionais"},"content":{"rendered":"<p><img loading=\"lazy\" decoding=\"async\" class=\"alignnone size-medium wp-image-14590\" src=\"http:\/\/blogdorogeriogomes.com.br\/wp-content\/uploads\/2019\/11\/IMG_20191116_080257_866-300x234.jpg\" alt=\"IMG_20191116_080257_866\" width=\"300\" height=\"234\" srcset=\"https:\/\/blogdorogeriogomes.com.br\/noticias\/wp-content\/uploads\/2019\/11\/IMG_20191116_080257_866-300x234.jpg 300w, https:\/\/blogdorogeriogomes.com.br\/noticias\/wp-content\/uploads\/2019\/11\/IMG_20191116_080257_866.jpg 547w\" sizes=\"auto, (max-width: 300px) 100vw, 300px\" \/><\/p>\n<p>O governador do Cear\u00e1, Camilo Santana, estar\u00e1 em viagem internacional, nesta segunda-feira, dia 18 de novembro, para a Europa com outros governadores do Nordeste. O objetivo do grupo \u00e9 buscar mais investimentos internacionais para a regi\u00e3o. Os pa\u00edses a serem visitados s\u00e3o Alemanha, Fran\u00e7a e It\u00e1lia.<br \/>\nA ideia vem sendo amadurecida nas reuni\u00f5es do Cons\u00f3rcio do Nordeste, onde os governadores dos nove estados da regi\u00e3o buscam a\u00e7\u00f5es conjuntas para as \u00e1reas econ\u00f4mica e social.<br \/>\nEnquanto Camilo Santana estiver no Exterior, a vice-governadora Izilda Cela assumir\u00e1 o comando do Executivo estadual. O retorno de Camilo ao Cear\u00e1 deve ocorrer no s\u00e1bado, dia 23 de novembro.<\/p>\n","protected":false},"excerpt":{"rendered":"<p>O governador do Cear\u00e1, Camilo Santana, estar\u00e1 em viagem internacional, nesta segunda-feira, dia 18 de novembro, para a Europa com outros governadores do Nordeste. O objetivo do grupo \u00e9 buscar mais investimentos internacionais para a regi\u00e3o. Os pa\u00edses a serem visitados s\u00e3o Alemanha, Fran\u00e7a e It\u00e1lia. A ideia vem sendo amadurecida nas reuni\u00f5es do Cons\u00f3rcio do Nordeste, onde os governadores dos nove estados da regi\u00e3o buscam a\u00e7\u00f5es conjuntas para as \u00e1reas econ\u00f4mica e social. Enquanto Camilo Santana estiver no&hellip;<\/p>\n","protected":false},"author":1,"featured_media":0,"comment_status":"open","ping_status":"open","sticky":false,"template":"","format":"standard","meta":{"footnotes":""},"categories":[1],"tags":[],"class_list":["post-14589","post","type-post","status-publish","format-standard","hentry","category-noticias"],"_links":{"self":[{"href":"https:\/\/blogdorogeriogomes.com.br\/noticias\/wp-json\/wp\/v2\/posts\/14589","targetHints":{"allow":["GET"]}}],"collection":[{"href":"https:\/\/blogdorogeriogomes.com.br\/noticias\/wp-json\/wp\/v2\/posts"}],"about":[{"href":"https:\/\/blogdorogeriogomes.com.br\/noticias\/wp-json\/wp\/v2\/types\/post"}],"author":[{"embeddable":true,"href":"https:\/\/blogdorogeriogomes.com.br\/noticias\/wp-json\/wp\/v2\/users\/1"}],"replies":[{"embeddable":true,"href":"https:\/\/blogdorogeriogomes.com.br\/noticias\/wp-json\/wp\/v2\/comments?post=14589"}],"version-history":[{"count":1,"href":"https:\/\/blogdorogeriogomes.com.br\/noticias\/wp-json\/wp\/v2\/posts\/14589\/revisions"}],"predecessor-version":[{"id":14591,"href":"https:\/\/blogdorogeriogomes.com.br\/noticias\/wp-json\/wp\/v2\/posts\/14589\/revisions\/14591"}],"wp:attachment":[{"href":"https:\/\/blogdorogeriogomes.com.br\/noticias\/wp-json\/wp\/v2\/media?parent=14589"}],"wp:term":[{"taxonomy":"category","embeddable":true,"href":"https:\/\/blogdorogeriogomes.com.br\/noticias\/wp-json\/wp\/v2\/categories?post=14589"},{"taxonomy":"post_tag","embeddable":true,"href":"https:\/\/blogdorogeriogomes.com.br\/noticias\/wp-json\/wp\/v2\/tags?post=14589"}],"curies":[{"name":"wp","href":"https:\/\/api.w.org\/{rel}","templated":true}]}}