{"id":14593,"date":"2019-11-17T09:52:46","date_gmt":"2019-11-17T09:52:46","guid":{"rendered":"http:\/\/blogdorogeriogomes.com.br\/?p=14593"},"modified":"2019-11-17T09:52:46","modified_gmt":"2019-11-17T09:52:46","slug":"prazo-para-fazer-a-biometria-em-fortaleza-se-encerra-no-proximo-dia-29-de-novembro","status":"publish","type":"post","link":"https:\/\/blogdorogeriogomes.com.br\/noticias\/2019\/11\/prazo-para-fazer-a-biometria-em-fortaleza-se-encerra-no-proximo-dia-29-de-novembro\/","title":{"rendered":"Prazo para fazer a biometria em Fortaleza se encerra no pr\u00f3ximo dia 29 de novembro"},"content":{"rendered":"<p><img loading=\"lazy\" decoding=\"async\" class=\"alignnone size-medium wp-image-14594\" src=\"http:\/\/blogdorogeriogomes.com.br\/wp-content\/uploads\/2019\/11\/images-2019-11-17T064742.834-300x168.jpeg\" alt=\"images - 2019-11-17T064742.834\" width=\"300\" height=\"168\" srcset=\"https:\/\/blogdorogeriogomes.com.br\/noticias\/wp-content\/uploads\/2019\/11\/images-2019-11-17T064742.834-300x168.jpeg 300w, https:\/\/blogdorogeriogomes.com.br\/noticias\/wp-content\/uploads\/2019\/11\/images-2019-11-17T064742.834.jpeg 739w\" sizes=\"auto, (max-width: 300px) 100vw, 300px\" \/><\/p>\n<p>O prazo para o cadastramento biom\u00e9trico, obrigat\u00f3rio em Fortaleza para as elei\u00e7\u00f5es municipais de 2020, termina no pr\u00f3ximo dia 29 de novembro. Segundo o TRE, 523 mil cidad\u00e3os ainda n\u00e3o fizeram o procedimento na Capital.<br \/>\nE como j\u00e1 \u00e9 comum do brasileiro deixar pra resolver as pend\u00eancias de \u00faltima hora, o mutir\u00e3o de atendimento organizado pelo TRE do Cear\u00e1 provoca filas quilom\u00e9tricas no Centro de Eventos do Cear\u00e1.<br \/>\nPara este domingo, dia 17 de novembro, o Tribunal Regional Eleitoral distribuiu tr\u00eas mil senhas para atendimento. Em cinco dias de mutir\u00e3o, j\u00e1 s\u00e3o 26 mil atendimentos realizados no Centro de Eventos.<\/p>\n","protected":false},"excerpt":{"rendered":"<p>O prazo para o cadastramento biom\u00e9trico, obrigat\u00f3rio em Fortaleza para as elei\u00e7\u00f5es municipais de 2020, termina no pr\u00f3ximo dia 29 de novembro. Segundo o TRE, 523 mil cidad\u00e3os ainda n\u00e3o fizeram o procedimento na Capital. E como j\u00e1 \u00e9 comum do brasileiro deixar pra resolver as pend\u00eancias de \u00faltima hora, o mutir\u00e3o de atendimento organizado pelo TRE do Cear\u00e1 provoca filas quilom\u00e9tricas no Centro de Eventos do Cear\u00e1. Para este domingo, dia 17 de novembro, o Tribunal Regional Eleitoral&hellip;<\/p>\n","protected":false},"author":1,"featured_media":0,"comment_status":"open","ping_status":"open","sticky":false,"template":"","format":"standard","meta":{"footnotes":""},"categories":[1],"tags":[],"class_list":["post-14593","post","type-post","status-publish","format-standard","hentry","category-noticias"],"_links":{"self":[{"href":"https:\/\/blogdorogeriogomes.com.br\/noticias\/wp-json\/wp\/v2\/posts\/14593","targetHints":{"allow":["GET"]}}],"collection":[{"href":"https:\/\/blogdorogeriogomes.com.br\/noticias\/wp-json\/wp\/v2\/posts"}],"about":[{"href":"https:\/\/blogdorogeriogomes.com.br\/noticias\/wp-json\/wp\/v2\/types\/post"}],"author":[{"embeddable":true,"href":"https:\/\/blogdorogeriogomes.com.br\/noticias\/wp-json\/wp\/v2\/users\/1"}],"replies":[{"embeddable":true,"href":"https:\/\/blogdorogeriogomes.com.br\/noticias\/wp-json\/wp\/v2\/comments?post=14593"}],"version-history":[{"count":1,"href":"https:\/\/blogdorogeriogomes.com.br\/noticias\/wp-json\/wp\/v2\/posts\/14593\/revisions"}],"predecessor-version":[{"id":14595,"href":"https:\/\/blogdorogeriogomes.com.br\/noticias\/wp-json\/wp\/v2\/posts\/14593\/revisions\/14595"}],"wp:attachment":[{"href":"https:\/\/blogdorogeriogomes.com.br\/noticias\/wp-json\/wp\/v2\/media?parent=14593"}],"wp:term":[{"taxonomy":"category","embeddable":true,"href":"https:\/\/blogdorogeriogomes.com.br\/noticias\/wp-json\/wp\/v2\/categories?post=14593"},{"taxonomy":"post_tag","embeddable":true,"href":"https:\/\/blogdorogeriogomes.com.br\/noticias\/wp-json\/wp\/v2\/tags?post=14593"}],"curies":[{"name":"wp","href":"https:\/\/api.w.org\/{rel}","templated":true}]}}