{"id":14596,"date":"2019-11-18T08:42:46","date_gmt":"2019-11-18T08:42:46","guid":{"rendered":"http:\/\/blogdorogeriogomes.com.br\/?p=14596"},"modified":"2019-11-18T08:42:46","modified_gmt":"2019-11-18T08:42:46","slug":"prefeitura-de-fortaleza-lanca-projeto-cinema-nos-terminais-para-incentivar-acesso-dos-usuarios-do-transporte-coletivo-a-filmes","status":"publish","type":"post","link":"https:\/\/blogdorogeriogomes.com.br\/noticias\/2019\/11\/prefeitura-de-fortaleza-lanca-projeto-cinema-nos-terminais-para-incentivar-acesso-dos-usuarios-do-transporte-coletivo-a-filmes\/","title":{"rendered":"Prefeitura de Fortaleza lan\u00e7a Projeto Cinema nos Terminais para incentivar acesso dos usu\u00e1rios do transporte coletivo a filmes"},"content":{"rendered":"<p><img loading=\"lazy\" decoding=\"async\" class=\"alignnone size-medium wp-image-14597\" src=\"http:\/\/blogdorogeriogomes.com.br\/wp-content\/uploads\/2019\/11\/images-2019-11-18T053545.125-300x204.jpeg\" alt=\"images - 2019-11-18T053545.125\" width=\"300\" height=\"204\" srcset=\"https:\/\/blogdorogeriogomes.com.br\/noticias\/wp-content\/uploads\/2019\/11\/images-2019-11-18T053545.125-300x204.jpeg 300w, https:\/\/blogdorogeriogomes.com.br\/noticias\/wp-content\/uploads\/2019\/11\/images-2019-11-18T053545.125.jpeg 672w\" sizes=\"auto, (max-width: 300px) 100vw, 300px\" \/><\/p>\n<p>A Secretaria Municipal da Cultura de Fortaleza (Secultfor) vai lan\u00e7ar um projeto para incentivar o usu\u00e1rio do transporte coletivo a assistir filmes nos terminais da Capital. Nesta segunda-feira, dia 18 de novembro, o prefeito Roberto Cl\u00e1udio lan\u00e7a o Projeto Cinema nos Terminais, que consiste na implementa\u00e7\u00e3o de salas de cinema com exibi\u00e7\u00f5es de filmes de curtas e longas-metragens nacionais e estrangeiros, nos sete terminais de \u00f4nibus de Fortaleza, sendo eles, Ant\u00f4nio Bezerra, Conjunto Cear\u00e1, Lagoa, Messejana, Papicu, Parangaba e Siqueira.<br \/>\nEm cada terminal ser\u00e1 instalada uma estrutura composta por containers e adaptada em sala de cinema, com sistema de climatiza\u00e7\u00e3o, tratamento ac\u00fastico, mobili\u00e1rio necess\u00e1rio e instala\u00e7\u00f5es de \u00e1udio e v\u00eddeo.<\/p>\n","protected":false},"excerpt":{"rendered":"<p>A Secretaria Municipal da Cultura de Fortaleza (Secultfor) vai lan\u00e7ar um projeto para incentivar o usu\u00e1rio do transporte coletivo a assistir filmes nos terminais da Capital. Nesta segunda-feira, dia 18 de novembro, o prefeito Roberto Cl\u00e1udio lan\u00e7a o Projeto Cinema nos Terminais, que consiste na implementa\u00e7\u00e3o de salas de cinema com exibi\u00e7\u00f5es de filmes de curtas e longas-metragens nacionais e estrangeiros, nos sete terminais de \u00f4nibus de Fortaleza, sendo eles, Ant\u00f4nio Bezerra, Conjunto Cear\u00e1, Lagoa, Messejana, Papicu, Parangaba e&hellip;<\/p>\n","protected":false},"author":1,"featured_media":0,"comment_status":"open","ping_status":"open","sticky":false,"template":"","format":"standard","meta":{"footnotes":""},"categories":[1],"tags":[],"class_list":["post-14596","post","type-post","status-publish","format-standard","hentry","category-noticias"],"_links":{"self":[{"href":"https:\/\/blogdorogeriogomes.com.br\/noticias\/wp-json\/wp\/v2\/posts\/14596","targetHints":{"allow":["GET"]}}],"collection":[{"href":"https:\/\/blogdorogeriogomes.com.br\/noticias\/wp-json\/wp\/v2\/posts"}],"about":[{"href":"https:\/\/blogdorogeriogomes.com.br\/noticias\/wp-json\/wp\/v2\/types\/post"}],"author":[{"embeddable":true,"href":"https:\/\/blogdorogeriogomes.com.br\/noticias\/wp-json\/wp\/v2\/users\/1"}],"replies":[{"embeddable":true,"href":"https:\/\/blogdorogeriogomes.com.br\/noticias\/wp-json\/wp\/v2\/comments?post=14596"}],"version-history":[{"count":1,"href":"https:\/\/blogdorogeriogomes.com.br\/noticias\/wp-json\/wp\/v2\/posts\/14596\/revisions"}],"predecessor-version":[{"id":14598,"href":"https:\/\/blogdorogeriogomes.com.br\/noticias\/wp-json\/wp\/v2\/posts\/14596\/revisions\/14598"}],"wp:attachment":[{"href":"https:\/\/blogdorogeriogomes.com.br\/noticias\/wp-json\/wp\/v2\/media?parent=14596"}],"wp:term":[{"taxonomy":"category","embeddable":true,"href":"https:\/\/blogdorogeriogomes.com.br\/noticias\/wp-json\/wp\/v2\/categories?post=14596"},{"taxonomy":"post_tag","embeddable":true,"href":"https:\/\/blogdorogeriogomes.com.br\/noticias\/wp-json\/wp\/v2\/tags?post=14596"}],"curies":[{"name":"wp","href":"https:\/\/api.w.org\/{rel}","templated":true}]}}