{"id":14599,"date":"2019-11-18T08:58:51","date_gmt":"2019-11-18T08:58:51","guid":{"rendered":"http:\/\/blogdorogeriogomes.com.br\/?p=14599"},"modified":"2019-11-18T08:58:51","modified_gmt":"2019-11-18T08:58:51","slug":"lula-reune-milhares-de-pessoas-em-recife-e-diz-agora-lutar-pela-anulacao-dos-seus-processos-no-stf","status":"publish","type":"post","link":"https:\/\/blogdorogeriogomes.com.br\/noticias\/2019\/11\/lula-reune-milhares-de-pessoas-em-recife-e-diz-agora-lutar-pela-anulacao-dos-seus-processos-no-stf\/","title":{"rendered":"Lula re\u00fane milhares de pessoas em Recife e diz agora lutar pela anula\u00e7\u00e3o dos seus processos no STF"},"content":{"rendered":"<p><img loading=\"lazy\" decoding=\"async\" class=\"alignnone size-medium wp-image-14601\" src=\"http:\/\/blogdorogeriogomes.com.br\/wp-content\/uploads\/2019\/11\/images-2019-11-18T054737.040-300x144.jpeg\" alt=\"images - 2019-11-18T054737.040\" width=\"300\" height=\"144\" srcset=\"https:\/\/blogdorogeriogomes.com.br\/noticias\/wp-content\/uploads\/2019\/11\/images-2019-11-18T054737.040-300x144.jpeg 300w, https:\/\/blogdorogeriogomes.com.br\/noticias\/wp-content\/uploads\/2019\/11\/images-2019-11-18T054737.040-768x369.jpeg 768w, https:\/\/blogdorogeriogomes.com.br\/noticias\/wp-content\/uploads\/2019\/11\/images-2019-11-18T054737.040.jpeg 800w\" sizes=\"auto, (max-width: 300px) 100vw, 300px\" \/><\/p>\n<p>O ex-presidente Lula reuniu milhares de pessoas, no Centro de Recife, em Pernambuco, na noite deste domingo, dia 17 de novembro, no Festival Lula Livre. Foi a primeira visita dele ao Nordeste ap\u00f3s a sua liberta\u00e7\u00e3o. E o discurso foi bem claro: cobrar do STF a suspei\u00e7\u00e3o do ministro S\u00e9rgio Moro, que julgou seus processos enquanto juiz, e pedir a anula\u00e7\u00e3o dos processos do triplex no Guaruj\u00e1 e do s\u00edtio em Atibaia. &#8220;Eu escolhi ir para a PF para desmascarar a Lava Jato. Eles est\u00e3o destruindo o pa\u00eds em nome do qu\u00ea? N\u00e3o quero privil\u00e9gio. Quero que anulem o meu processo&#8221;, disse Lula.<br \/>\nEm entrevista ao jornal argentino Clar\u00edn, o ministro do Supremo Tribunal Federal, Gilmar Mendes, afirmou que espera julgar ainda neste ano o recurso da defesa do ex-presidente Lula contra as condena\u00e7\u00f5es impostas ao petista na Lava Jato pelo ent\u00e3o juiz federal Sergio Moro.<\/p>\n","protected":false},"excerpt":{"rendered":"<p>O ex-presidente Lula reuniu milhares de pessoas, no Centro de Recife, em Pernambuco, na noite deste domingo, dia 17 de novembro, no Festival Lula Livre. Foi a primeira visita dele ao Nordeste ap\u00f3s a sua liberta\u00e7\u00e3o. E o discurso foi bem claro: cobrar do STF a suspei\u00e7\u00e3o do ministro S\u00e9rgio Moro, que julgou seus processos enquanto juiz, e pedir a anula\u00e7\u00e3o dos processos do triplex no Guaruj\u00e1 e do s\u00edtio em Atibaia. &#8220;Eu escolhi ir para a PF para&hellip;<\/p>\n","protected":false},"author":1,"featured_media":0,"comment_status":"open","ping_status":"open","sticky":false,"template":"","format":"standard","meta":{"footnotes":""},"categories":[1],"tags":[],"class_list":["post-14599","post","type-post","status-publish","format-standard","hentry","category-noticias"],"_links":{"self":[{"href":"https:\/\/blogdorogeriogomes.com.br\/noticias\/wp-json\/wp\/v2\/posts\/14599","targetHints":{"allow":["GET"]}}],"collection":[{"href":"https:\/\/blogdorogeriogomes.com.br\/noticias\/wp-json\/wp\/v2\/posts"}],"about":[{"href":"https:\/\/blogdorogeriogomes.com.br\/noticias\/wp-json\/wp\/v2\/types\/post"}],"author":[{"embeddable":true,"href":"https:\/\/blogdorogeriogomes.com.br\/noticias\/wp-json\/wp\/v2\/users\/1"}],"replies":[{"embeddable":true,"href":"https:\/\/blogdorogeriogomes.com.br\/noticias\/wp-json\/wp\/v2\/comments?post=14599"}],"version-history":[{"count":1,"href":"https:\/\/blogdorogeriogomes.com.br\/noticias\/wp-json\/wp\/v2\/posts\/14599\/revisions"}],"predecessor-version":[{"id":14602,"href":"https:\/\/blogdorogeriogomes.com.br\/noticias\/wp-json\/wp\/v2\/posts\/14599\/revisions\/14602"}],"wp:attachment":[{"href":"https:\/\/blogdorogeriogomes.com.br\/noticias\/wp-json\/wp\/v2\/media?parent=14599"}],"wp:term":[{"taxonomy":"category","embeddable":true,"href":"https:\/\/blogdorogeriogomes.com.br\/noticias\/wp-json\/wp\/v2\/categories?post=14599"},{"taxonomy":"post_tag","embeddable":true,"href":"https:\/\/blogdorogeriogomes.com.br\/noticias\/wp-json\/wp\/v2\/tags?post=14599"}],"curies":[{"name":"wp","href":"https:\/\/api.w.org\/{rel}","templated":true}]}}