{"id":14603,"date":"2019-11-18T20:47:21","date_gmt":"2019-11-18T20:47:21","guid":{"rendered":"http:\/\/blogdorogeriogomes.com.br\/?p=14603"},"modified":"2019-11-18T20:47:21","modified_gmt":"2019-11-18T20:47:21","slug":"sistema-s-reune-bancada-federal-do-ceara-e-cobra-mais-valorizacao-do-setor-pela-uniao","status":"publish","type":"post","link":"https:\/\/blogdorogeriogomes.com.br\/noticias\/2019\/11\/sistema-s-reune-bancada-federal-do-ceara-e-cobra-mais-valorizacao-do-setor-pela-uniao\/","title":{"rendered":"Sistema S re\u00fane bancada federal do Cear\u00e1 e cobra mais valoriza\u00e7\u00e3o do setor pela Uni\u00e3o"},"content":{"rendered":"<p><img loading=\"lazy\" decoding=\"async\" class=\"alignnone size-medium wp-image-14605\" src=\"http:\/\/blogdorogeriogomes.com.br\/wp-content\/uploads\/2019\/11\/IMG_20191118_105526029-300x225.jpg\" alt=\"IMG_20191118_105526029\" width=\"300\" height=\"225\" srcset=\"https:\/\/blogdorogeriogomes.com.br\/noticias\/wp-content\/uploads\/2019\/11\/IMG_20191118_105526029-300x225.jpg 300w, https:\/\/blogdorogeriogomes.com.br\/noticias\/wp-content\/uploads\/2019\/11\/IMG_20191118_105526029-768x576.jpg 768w, https:\/\/blogdorogeriogomes.com.br\/noticias\/wp-content\/uploads\/2019\/11\/IMG_20191118_105526029-1024x768.jpg 1024w\" sizes=\"auto, (max-width: 300px) 100vw, 300px\" \/><\/p>\n<p>O Sistema S do Cear\u00e1 apresentou, nesta segunda-feira, dia 18 de novembro, as suas principais a\u00e7\u00f5es e impactos sociais a senadores e deputados do Estado. A cobran\u00e7a \u00e9 pela valoriza\u00e7\u00e3o do Sistema S, que recebe recursos do Governo Federal, mas que est\u00e3o amea\u00e7ados de redu\u00e7\u00e3o.<br \/>\nO chamado Sistema S re\u00fane entidades empresariais voltadas para o treinamento profissional, assist\u00eancia social, consultoria, pesquisa e assist\u00eancia t\u00e9cnica.<br \/>\nNo encontro, realizado no Senac Reference, em Fortaleza, entre entidades representativas e deputados da bancada federal cearense, em Bras\u00edlia, foram apresentadas demandas de valoriza\u00e7\u00e3o do setor.<br \/>\nO Governo Federal tem mostrado inten\u00e7\u00e3o de reduzir repasses financeiros para o Sistema S em todo o Pa\u00eds. Uma possibilidade que \u00e9 vista com preocupa\u00e7\u00e3o pelo empresariado, diante dos preju\u00edzos na forma\u00e7\u00e3o e capacita\u00e7\u00e3o de m\u00e3o de obra. O presidente da Fiec, Ricardo Cavalcante, defende a valoriza\u00e7\u00e3o do Sistema S que \u00e9 hoje o principal formador de novos profissionais para o mercado. &#8220;Diante de tanto desemprego, quem vai capacitar novos profissionais?&#8221;, questionou.<br \/>\nParlamentares cearenses prometem se mobilizar com bancadas federais de outros estados para que n\u00e3o ocorra diminui\u00e7\u00e3o de recursos para o Sistema S.<\/p>\n","protected":false},"excerpt":{"rendered":"<p>O Sistema S do Cear\u00e1 apresentou, nesta segunda-feira, dia 18 de novembro, as suas principais a\u00e7\u00f5es e impactos sociais a senadores e deputados do Estado. A cobran\u00e7a \u00e9 pela valoriza\u00e7\u00e3o do Sistema S, que recebe recursos do Governo Federal, mas que est\u00e3o amea\u00e7ados de redu\u00e7\u00e3o. O chamado Sistema S re\u00fane entidades empresariais voltadas para o treinamento profissional, assist\u00eancia social, consultoria, pesquisa e assist\u00eancia t\u00e9cnica. No encontro, realizado no Senac Reference, em Fortaleza, entre entidades representativas e deputados da bancada&hellip;<\/p>\n","protected":false},"author":1,"featured_media":0,"comment_status":"open","ping_status":"open","sticky":false,"template":"","format":"standard","meta":{"footnotes":""},"categories":[1],"tags":[],"class_list":["post-14603","post","type-post","status-publish","format-standard","hentry","category-noticias"],"_links":{"self":[{"href":"https:\/\/blogdorogeriogomes.com.br\/noticias\/wp-json\/wp\/v2\/posts\/14603","targetHints":{"allow":["GET"]}}],"collection":[{"href":"https:\/\/blogdorogeriogomes.com.br\/noticias\/wp-json\/wp\/v2\/posts"}],"about":[{"href":"https:\/\/blogdorogeriogomes.com.br\/noticias\/wp-json\/wp\/v2\/types\/post"}],"author":[{"embeddable":true,"href":"https:\/\/blogdorogeriogomes.com.br\/noticias\/wp-json\/wp\/v2\/users\/1"}],"replies":[{"embeddable":true,"href":"https:\/\/blogdorogeriogomes.com.br\/noticias\/wp-json\/wp\/v2\/comments?post=14603"}],"version-history":[{"count":1,"href":"https:\/\/blogdorogeriogomes.com.br\/noticias\/wp-json\/wp\/v2\/posts\/14603\/revisions"}],"predecessor-version":[{"id":14606,"href":"https:\/\/blogdorogeriogomes.com.br\/noticias\/wp-json\/wp\/v2\/posts\/14603\/revisions\/14606"}],"wp:attachment":[{"href":"https:\/\/blogdorogeriogomes.com.br\/noticias\/wp-json\/wp\/v2\/media?parent=14603"}],"wp:term":[{"taxonomy":"category","embeddable":true,"href":"https:\/\/blogdorogeriogomes.com.br\/noticias\/wp-json\/wp\/v2\/categories?post=14603"},{"taxonomy":"post_tag","embeddable":true,"href":"https:\/\/blogdorogeriogomes.com.br\/noticias\/wp-json\/wp\/v2\/tags?post=14603"}],"curies":[{"name":"wp","href":"https:\/\/api.w.org\/{rel}","templated":true}]}}