{"id":14607,"date":"2019-11-18T21:30:14","date_gmt":"2019-11-18T21:30:14","guid":{"rendered":"http:\/\/blogdorogeriogomes.com.br\/?p=14607"},"modified":"2019-11-18T21:30:14","modified_gmt":"2019-11-18T21:30:14","slug":"consorcio-de-governadores-do-nordeste-tem-primeiro-encontro-de-negocios-na-franca","status":"publish","type":"post","link":"https:\/\/blogdorogeriogomes.com.br\/noticias\/2019\/11\/consorcio-de-governadores-do-nordeste-tem-primeiro-encontro-de-negocios-na-franca\/","title":{"rendered":"Cons\u00f3rcio de governadores do Nordeste tem primeiro encontro de neg\u00f3cios na Fran\u00e7a"},"content":{"rendered":"<p><img loading=\"lazy\" decoding=\"async\" class=\"alignnone size-medium wp-image-14608\" src=\"http:\/\/blogdorogeriogomes.com.br\/wp-content\/uploads\/2019\/11\/IMG-20191118-WA0030-300x200.jpg\" alt=\"IMG-20191118-WA0030\" width=\"300\" height=\"200\" srcset=\"https:\/\/blogdorogeriogomes.com.br\/noticias\/wp-content\/uploads\/2019\/11\/IMG-20191118-WA0030-300x200.jpg 300w, https:\/\/blogdorogeriogomes.com.br\/noticias\/wp-content\/uploads\/2019\/11\/IMG-20191118-WA0030-768x511.jpg 768w, https:\/\/blogdorogeriogomes.com.br\/noticias\/wp-content\/uploads\/2019\/11\/IMG-20191118-WA0030.jpg 960w\" sizes=\"auto, (max-width: 300px) 100vw, 300px\" \/><\/p>\n<p>A primeira articula\u00e7\u00e3o internacional do Cons\u00f3rcio Interestadual de Desenvolvimento Sustent\u00e1vel do Nordeste (Cons\u00f3rcio Nordeste), foi apresentado por governadores da regi\u00e3o, entre eles, Camilo Santana, do Cear\u00e1, nesta segunda-feira, dia 18 de novembro, em Paris, na Fran\u00e7a. O grupo mostrou a 40 empres\u00e1rios franceses um mapa de oportunidades de investimentos no nordeste. O objetivo da viagem \u00e9 atrair recursos para \u00e1reas integradoras, como sustentabilidade, infraestrutura, turismo, sa\u00fade, seguran\u00e7a p\u00fablica, saneamento e energias limpas, inclusive com a perspectiva de abertura de parcerias p\u00fablico-privadas (PPP).<br \/>\nO grupo de governadores nordestinos tem ainda encontros de neg\u00f3cios marcados em Roma, na It\u00e1lia, nesta quarta-feira, dia 20 de novembro. Na quinta-feira, dia 21, e sexta- feira dia 22, as reuni\u00f5es acontecem em Berlim, na Alemanha.<br \/>\nOs governadores que est\u00e3o participando da miss\u00e3o s\u00e3o Rui Costa (Bahia), Renan Filho (Alagoas), Camilo Santana (Cear\u00e1), Jo\u00e3o Azev\u00eado (Para\u00edba), Paulo C\u00e2mara (Pernambuco), Wellington Dias (Piau\u00ed), F\u00e1tima Bezerra (Rio Grande do Norte), assim como o vice-governador Carlos Brand\u00e3o (Maranh\u00e3o). O governador de Sergipe, Belivaldo Chagas, n\u00e3o viajou por motivos de sa\u00fade.<\/p>\n","protected":false},"excerpt":{"rendered":"<p>A primeira articula\u00e7\u00e3o internacional do Cons\u00f3rcio Interestadual de Desenvolvimento Sustent\u00e1vel do Nordeste (Cons\u00f3rcio Nordeste), foi apresentado por governadores da regi\u00e3o, entre eles, Camilo Santana, do Cear\u00e1, nesta segunda-feira, dia 18 de novembro, em Paris, na Fran\u00e7a. O grupo mostrou a 40 empres\u00e1rios franceses um mapa de oportunidades de investimentos no nordeste. O objetivo da viagem \u00e9 atrair recursos para \u00e1reas integradoras, como sustentabilidade, infraestrutura, turismo, sa\u00fade, seguran\u00e7a p\u00fablica, saneamento e energias limpas, inclusive com a perspectiva de abertura de&hellip;<\/p>\n","protected":false},"author":1,"featured_media":0,"comment_status":"open","ping_status":"open","sticky":false,"template":"","format":"standard","meta":{"footnotes":""},"categories":[1],"tags":[],"class_list":["post-14607","post","type-post","status-publish","format-standard","hentry","category-noticias"],"_links":{"self":[{"href":"https:\/\/blogdorogeriogomes.com.br\/noticias\/wp-json\/wp\/v2\/posts\/14607","targetHints":{"allow":["GET"]}}],"collection":[{"href":"https:\/\/blogdorogeriogomes.com.br\/noticias\/wp-json\/wp\/v2\/posts"}],"about":[{"href":"https:\/\/blogdorogeriogomes.com.br\/noticias\/wp-json\/wp\/v2\/types\/post"}],"author":[{"embeddable":true,"href":"https:\/\/blogdorogeriogomes.com.br\/noticias\/wp-json\/wp\/v2\/users\/1"}],"replies":[{"embeddable":true,"href":"https:\/\/blogdorogeriogomes.com.br\/noticias\/wp-json\/wp\/v2\/comments?post=14607"}],"version-history":[{"count":1,"href":"https:\/\/blogdorogeriogomes.com.br\/noticias\/wp-json\/wp\/v2\/posts\/14607\/revisions"}],"predecessor-version":[{"id":14609,"href":"https:\/\/blogdorogeriogomes.com.br\/noticias\/wp-json\/wp\/v2\/posts\/14607\/revisions\/14609"}],"wp:attachment":[{"href":"https:\/\/blogdorogeriogomes.com.br\/noticias\/wp-json\/wp\/v2\/media?parent=14607"}],"wp:term":[{"taxonomy":"category","embeddable":true,"href":"https:\/\/blogdorogeriogomes.com.br\/noticias\/wp-json\/wp\/v2\/categories?post=14607"},{"taxonomy":"post_tag","embeddable":true,"href":"https:\/\/blogdorogeriogomes.com.br\/noticias\/wp-json\/wp\/v2\/tags?post=14607"}],"curies":[{"name":"wp","href":"https:\/\/api.w.org\/{rel}","templated":true}]}}