{"id":14610,"date":"2019-11-19T11:06:53","date_gmt":"2019-11-19T11:06:53","guid":{"rendered":"http:\/\/blogdorogeriogomes.com.br\/?p=14610"},"modified":"2019-11-19T11:06:53","modified_gmt":"2019-11-19T11:06:53","slug":"prefeitura-da-capital-conclui-o-processo-de-engorda-da-faixa-de-areia-da-beira-mar","status":"publish","type":"post","link":"https:\/\/blogdorogeriogomes.com.br\/noticias\/2019\/11\/prefeitura-da-capital-conclui-o-processo-de-engorda-da-faixa-de-areia-da-beira-mar\/","title":{"rendered":"Prefeitura da Capital conclui o processo de engorda da faixa de areia da Beira Mar"},"content":{"rendered":"<p><img loading=\"lazy\" decoding=\"async\" class=\"alignnone size-medium wp-image-14611\" src=\"http:\/\/blogdorogeriogomes.com.br\/wp-content\/uploads\/2019\/11\/image-9-300x169.jpg\" alt=\"image (9)\" width=\"300\" height=\"169\" srcset=\"https:\/\/blogdorogeriogomes.com.br\/noticias\/wp-content\/uploads\/2019\/11\/image-9-300x169.jpg 300w, https:\/\/blogdorogeriogomes.com.br\/noticias\/wp-content\/uploads\/2019\/11\/image-9.jpg 400w\" sizes=\"auto, (max-width: 300px) 100vw, 300px\" \/><\/p>\n<p>A Prefeitura de Fortaleza finalizou o processo de engorda da faixa de areia da Beira Mar. A interven\u00e7\u00e3o faz parte das obras de requalifica\u00e7\u00e3o da orla mar\u00edtima da Capital, que tem prazo de entrega para agosto de 2020. Com o fim da retirada da areia do fundo do mar para a costa, a faixa de praia cresceu. No trecho 1, que contempla a \u00e1rea entre as avenidas Desembargador Moreira e Rui Barbosa, a expans\u00e3o foi de 80 metros; enquanto o 2, entre a Rui Barbosa e a Rua Ildefonso Albano, conta agora com 40 metros a mais.<br \/>\nDe acordo com a Prefeitura, toda a obra est\u00e1 or\u00e7ada em R$ 67 milh\u00f5es e j\u00e1 tem 47% do novo sistema vi\u00e1rio conclu\u00eddos, dos 3,3km de extens\u00e3o das ciclovias, 39% foram entregues; 3,5% dos equipamentos instalados, 15% do cal\u00e7ad\u00e3o e 27% das cal\u00e7adas.<br \/>\nCom o fim do processo de aterramento da faixa de areia da Beira Mar, a festa do R\u00e9veillon 2020 no Aterro da Praia de Iracema, inclusive, com mais espa\u00e7o para as pessoas na virada do ano, que ter\u00e1 12 minutos de queima de fogos.<\/p>\n","protected":false},"excerpt":{"rendered":"<p>A Prefeitura de Fortaleza finalizou o processo de engorda da faixa de areia da Beira Mar. A interven\u00e7\u00e3o faz parte das obras de requalifica\u00e7\u00e3o da orla mar\u00edtima da Capital, que tem prazo de entrega para agosto de 2020. Com o fim da retirada da areia do fundo do mar para a costa, a faixa de praia cresceu. No trecho 1, que contempla a \u00e1rea entre as avenidas Desembargador Moreira e Rui Barbosa, a expans\u00e3o foi de 80 metros; enquanto&hellip;<\/p>\n","protected":false},"author":1,"featured_media":0,"comment_status":"open","ping_status":"open","sticky":false,"template":"","format":"standard","meta":{"footnotes":""},"categories":[1],"tags":[],"class_list":["post-14610","post","type-post","status-publish","format-standard","hentry","category-noticias"],"_links":{"self":[{"href":"https:\/\/blogdorogeriogomes.com.br\/noticias\/wp-json\/wp\/v2\/posts\/14610","targetHints":{"allow":["GET"]}}],"collection":[{"href":"https:\/\/blogdorogeriogomes.com.br\/noticias\/wp-json\/wp\/v2\/posts"}],"about":[{"href":"https:\/\/blogdorogeriogomes.com.br\/noticias\/wp-json\/wp\/v2\/types\/post"}],"author":[{"embeddable":true,"href":"https:\/\/blogdorogeriogomes.com.br\/noticias\/wp-json\/wp\/v2\/users\/1"}],"replies":[{"embeddable":true,"href":"https:\/\/blogdorogeriogomes.com.br\/noticias\/wp-json\/wp\/v2\/comments?post=14610"}],"version-history":[{"count":1,"href":"https:\/\/blogdorogeriogomes.com.br\/noticias\/wp-json\/wp\/v2\/posts\/14610\/revisions"}],"predecessor-version":[{"id":14612,"href":"https:\/\/blogdorogeriogomes.com.br\/noticias\/wp-json\/wp\/v2\/posts\/14610\/revisions\/14612"}],"wp:attachment":[{"href":"https:\/\/blogdorogeriogomes.com.br\/noticias\/wp-json\/wp\/v2\/media?parent=14610"}],"wp:term":[{"taxonomy":"category","embeddable":true,"href":"https:\/\/blogdorogeriogomes.com.br\/noticias\/wp-json\/wp\/v2\/categories?post=14610"},{"taxonomy":"post_tag","embeddable":true,"href":"https:\/\/blogdorogeriogomes.com.br\/noticias\/wp-json\/wp\/v2\/tags?post=14610"}],"curies":[{"name":"wp","href":"https:\/\/api.w.org\/{rel}","templated":true}]}}