{"id":14613,"date":"2019-11-19T11:41:42","date_gmt":"2019-11-19T11:41:42","guid":{"rendered":"http:\/\/blogdorogeriogomes.com.br\/?p=14613"},"modified":"2019-11-19T11:41:42","modified_gmt":"2019-11-19T11:41:42","slug":"projeto-movimento-vidas-beneficia-jovens-da-aerolandia-no-proximo-sabado","status":"publish","type":"post","link":"https:\/\/blogdorogeriogomes.com.br\/noticias\/2019\/11\/projeto-movimento-vidas-beneficia-jovens-da-aerolandia-no-proximo-sabado\/","title":{"rendered":"Projeto Movimento Vidas beneficia jovens da Aerol\u00e2ndia no pr\u00f3ximo s\u00e1bado"},"content":{"rendered":"<p><img loading=\"lazy\" decoding=\"async\" class=\"alignnone size-medium wp-image-14614\" src=\"http:\/\/blogdorogeriogomes.com.br\/wp-content\/uploads\/2019\/11\/71A0D971-D442-401B-A5A0-E4C9FCD315E4-800x445-300x167.jpeg\" alt=\"71A0D971-D442-401B-A5A0-E4C9FCD315E4-800x445\" width=\"300\" height=\"167\" srcset=\"https:\/\/blogdorogeriogomes.com.br\/noticias\/wp-content\/uploads\/2019\/11\/71A0D971-D442-401B-A5A0-E4C9FCD315E4-800x445-300x167.jpeg 300w, https:\/\/blogdorogeriogomes.com.br\/noticias\/wp-content\/uploads\/2019\/11\/71A0D971-D442-401B-A5A0-E4C9FCD315E4-800x445-768x427.jpeg 768w, https:\/\/blogdorogeriogomes.com.br\/noticias\/wp-content\/uploads\/2019\/11\/71A0D971-D442-401B-A5A0-E4C9FCD315E4-800x445.jpeg 800w\" sizes=\"auto, (max-width: 300px) 100vw, 300px\" \/><\/p>\n<p>O projeto Movimento Vidas, realizado pela C\u00e2mara Municipal de Fortaleza e que oferece diversas a\u00e7\u00f5es para afastar os jovens das drogas, como oficinas de grafite e DJ, palestras, al\u00e9m de servi\u00e7os para a comunidade, ser\u00e1 realizado no s\u00e1bado, dia 23 de novembro, no bairro Aerol\u00e2ndia.<br \/>\n\u201cA gente percebe que a equipe de facilitadores que faz a abordagem aos jovens, que visitam projetos sociais, areninhas, escolas, tem tido uma boa recep\u00e7\u00e3o, com muitos jovens querendo participar das a\u00e7\u00f5es\u201d, destacou o presidente da C\u00e2mara Municipal de Fortaleza, Ant\u00f4nio Henrique, que lan\u00e7ou o projeto no m\u00eas passado.<br \/>\nAs a\u00e7\u00f5es do Movimento Vidas j\u00e1 foram realizadas nos bairros Conjunto Esperan\u00e7a e Ellery. Depois da Aerol\u00e2ndia, os pr\u00f3ximos bairros que ir\u00e3o receber o Movimento Vidas ser\u00e3o o Planalto Pici, no dia 12 de dezembro, e a Vila Uni\u00e3o, no dia 14 do mesmo m\u00eas.<\/p>\n","protected":false},"excerpt":{"rendered":"<p>O projeto Movimento Vidas, realizado pela C\u00e2mara Municipal de Fortaleza e que oferece diversas a\u00e7\u00f5es para afastar os jovens das drogas, como oficinas de grafite e DJ, palestras, al\u00e9m de servi\u00e7os para a comunidade, ser\u00e1 realizado no s\u00e1bado, dia 23 de novembro, no bairro Aerol\u00e2ndia. \u201cA gente percebe que a equipe de facilitadores que faz a abordagem aos jovens, que visitam projetos sociais, areninhas, escolas, tem tido uma boa recep\u00e7\u00e3o, com muitos jovens querendo participar das a\u00e7\u00f5es\u201d, destacou o&hellip;<\/p>\n","protected":false},"author":1,"featured_media":0,"comment_status":"open","ping_status":"open","sticky":false,"template":"","format":"standard","meta":{"footnotes":""},"categories":[1],"tags":[],"class_list":["post-14613","post","type-post","status-publish","format-standard","hentry","category-noticias"],"_links":{"self":[{"href":"https:\/\/blogdorogeriogomes.com.br\/noticias\/wp-json\/wp\/v2\/posts\/14613","targetHints":{"allow":["GET"]}}],"collection":[{"href":"https:\/\/blogdorogeriogomes.com.br\/noticias\/wp-json\/wp\/v2\/posts"}],"about":[{"href":"https:\/\/blogdorogeriogomes.com.br\/noticias\/wp-json\/wp\/v2\/types\/post"}],"author":[{"embeddable":true,"href":"https:\/\/blogdorogeriogomes.com.br\/noticias\/wp-json\/wp\/v2\/users\/1"}],"replies":[{"embeddable":true,"href":"https:\/\/blogdorogeriogomes.com.br\/noticias\/wp-json\/wp\/v2\/comments?post=14613"}],"version-history":[{"count":1,"href":"https:\/\/blogdorogeriogomes.com.br\/noticias\/wp-json\/wp\/v2\/posts\/14613\/revisions"}],"predecessor-version":[{"id":14615,"href":"https:\/\/blogdorogeriogomes.com.br\/noticias\/wp-json\/wp\/v2\/posts\/14613\/revisions\/14615"}],"wp:attachment":[{"href":"https:\/\/blogdorogeriogomes.com.br\/noticias\/wp-json\/wp\/v2\/media?parent=14613"}],"wp:term":[{"taxonomy":"category","embeddable":true,"href":"https:\/\/blogdorogeriogomes.com.br\/noticias\/wp-json\/wp\/v2\/categories?post=14613"},{"taxonomy":"post_tag","embeddable":true,"href":"https:\/\/blogdorogeriogomes.com.br\/noticias\/wp-json\/wp\/v2\/tags?post=14613"}],"curies":[{"name":"wp","href":"https:\/\/api.w.org\/{rel}","templated":true}]}}