{"id":14616,"date":"2019-11-20T00:07:06","date_gmt":"2019-11-20T00:07:06","guid":{"rendered":"http:\/\/blogdorogeriogomes.com.br\/?p=14616"},"modified":"2019-11-20T00:07:06","modified_gmt":"2019-11-20T00:07:06","slug":"ibef-ceara-entrega-o-premio-equilibrista-2019","status":"publish","type":"post","link":"https:\/\/blogdorogeriogomes.com.br\/noticias\/2019\/11\/ibef-ceara-entrega-o-premio-equilibrista-2019\/","title":{"rendered":"Ibef Cear\u00e1 entrega o pr\u00eamio Equilibrista 2019"},"content":{"rendered":"<p><img loading=\"lazy\" decoding=\"async\" class=\"alignnone size-medium wp-image-14617\" src=\"http:\/\/blogdorogeriogomes.com.br\/wp-content\/uploads\/2019\/11\/IMG_20191119_201250842-300x225.jpg\" alt=\"IMG_20191119_201250842\" width=\"300\" height=\"225\" srcset=\"https:\/\/blogdorogeriogomes.com.br\/noticias\/wp-content\/uploads\/2019\/11\/IMG_20191119_201250842-300x225.jpg 300w, https:\/\/blogdorogeriogomes.com.br\/noticias\/wp-content\/uploads\/2019\/11\/IMG_20191119_201250842-768x576.jpg 768w, https:\/\/blogdorogeriogomes.com.br\/noticias\/wp-content\/uploads\/2019\/11\/IMG_20191119_201250842-1024x768.jpg 1024w\" sizes=\"auto, (max-width: 300px) 100vw, 300px\" \/><\/p>\n<p>O Instituto Brasileiro de Executivos de Finan\u00e7as (Ibef &#8211; Cear\u00e1) entregou, nesta ter\u00e7a-feira, dia 19 de novembro, o pr\u00eamio Equilibrista 2019. O diretor-presidente da rede de supermercados Mercadinhos S\u00e3o Luiz, Severino Ramalho Neto, foi vencedor da nona edi\u00e7\u00e3o do pr\u00eamio, considerado o Oscar das finan\u00e7as. J\u00e1 o presidente do Conselho de Administra\u00e7\u00e3o do SAS, Oto de S\u00e1 Cavalcante, recebeu o Pr\u00eamio Empresa Padr\u00e3o 2019.<br \/>\nO Pr\u00eamio Equilibrista, que est\u00e1 em sua 9\u00aa edi\u00e7\u00e3o, \u00e9 considerado a mais importante homenagem a empres\u00e1rios que se destacaram durante o ano atrav\u00e9s da vota\u00e7\u00e3o de outros executivos.<\/p>\n","protected":false},"excerpt":{"rendered":"<p>O Instituto Brasileiro de Executivos de Finan\u00e7as (Ibef &#8211; Cear\u00e1) entregou, nesta ter\u00e7a-feira, dia 19 de novembro, o pr\u00eamio Equilibrista 2019. O diretor-presidente da rede de supermercados Mercadinhos S\u00e3o Luiz, Severino Ramalho Neto, foi vencedor da nona edi\u00e7\u00e3o do pr\u00eamio, considerado o Oscar das finan\u00e7as. J\u00e1 o presidente do Conselho de Administra\u00e7\u00e3o do SAS, Oto de S\u00e1 Cavalcante, recebeu o Pr\u00eamio Empresa Padr\u00e3o 2019. O Pr\u00eamio Equilibrista, que est\u00e1 em sua 9\u00aa edi\u00e7\u00e3o, \u00e9 considerado a mais importante homenagem&hellip;<\/p>\n","protected":false},"author":1,"featured_media":0,"comment_status":"open","ping_status":"open","sticky":false,"template":"","format":"standard","meta":{"footnotes":""},"categories":[1],"tags":[],"class_list":["post-14616","post","type-post","status-publish","format-standard","hentry","category-noticias"],"_links":{"self":[{"href":"https:\/\/blogdorogeriogomes.com.br\/noticias\/wp-json\/wp\/v2\/posts\/14616","targetHints":{"allow":["GET"]}}],"collection":[{"href":"https:\/\/blogdorogeriogomes.com.br\/noticias\/wp-json\/wp\/v2\/posts"}],"about":[{"href":"https:\/\/blogdorogeriogomes.com.br\/noticias\/wp-json\/wp\/v2\/types\/post"}],"author":[{"embeddable":true,"href":"https:\/\/blogdorogeriogomes.com.br\/noticias\/wp-json\/wp\/v2\/users\/1"}],"replies":[{"embeddable":true,"href":"https:\/\/blogdorogeriogomes.com.br\/noticias\/wp-json\/wp\/v2\/comments?post=14616"}],"version-history":[{"count":1,"href":"https:\/\/blogdorogeriogomes.com.br\/noticias\/wp-json\/wp\/v2\/posts\/14616\/revisions"}],"predecessor-version":[{"id":14618,"href":"https:\/\/blogdorogeriogomes.com.br\/noticias\/wp-json\/wp\/v2\/posts\/14616\/revisions\/14618"}],"wp:attachment":[{"href":"https:\/\/blogdorogeriogomes.com.br\/noticias\/wp-json\/wp\/v2\/media?parent=14616"}],"wp:term":[{"taxonomy":"category","embeddable":true,"href":"https:\/\/blogdorogeriogomes.com.br\/noticias\/wp-json\/wp\/v2\/categories?post=14616"},{"taxonomy":"post_tag","embeddable":true,"href":"https:\/\/blogdorogeriogomes.com.br\/noticias\/wp-json\/wp\/v2\/tags?post=14616"}],"curies":[{"name":"wp","href":"https:\/\/api.w.org\/{rel}","templated":true}]}}