{"id":14619,"date":"2019-11-20T00:14:04","date_gmt":"2019-11-20T00:14:04","guid":{"rendered":"http:\/\/blogdorogeriogomes.com.br\/?p=14619"},"modified":"2019-11-20T00:14:04","modified_gmt":"2019-11-20T00:14:04","slug":"tre-do-ceara-amplia-atendimento-no-centro-de-eventos-para-cadastramento-biometrico","status":"publish","type":"post","link":"https:\/\/blogdorogeriogomes.com.br\/noticias\/2019\/11\/tre-do-ceara-amplia-atendimento-no-centro-de-eventos-para-cadastramento-biometrico\/","title":{"rendered":"TRE do Cear\u00e1 amplia atendimento no Centro de Eventos para cadastramento biom\u00e9trico"},"content":{"rendered":"<p><img loading=\"lazy\" decoding=\"async\" class=\"alignnone size-medium wp-image-14620\" src=\"http:\/\/blogdorogeriogomes.com.br\/wp-content\/uploads\/2019\/11\/5dcd4ae69ce55-300x200.jpg\" alt=\"5dcd4ae69ce55\" width=\"300\" height=\"200\" srcset=\"https:\/\/blogdorogeriogomes.com.br\/noticias\/wp-content\/uploads\/2019\/11\/5dcd4ae69ce55-300x200.jpg 300w, https:\/\/blogdorogeriogomes.com.br\/noticias\/wp-content\/uploads\/2019\/11\/5dcd4ae69ce55-768x512.jpg 768w, https:\/\/blogdorogeriogomes.com.br\/noticias\/wp-content\/uploads\/2019\/11\/5dcd4ae69ce55.jpg 940w\" sizes=\"auto, (max-width: 300px) 100vw, 300px\" \/><\/p>\n<p>O Mutir\u00e3o da Biometria, que est\u00e1 na sua segunda semana, no Centro de Eventos do Cear\u00e1, em Fortaleza, segue atraindo um grande n\u00famero de eleitores que ainda n\u00e3o realizaram o cadastramento biom\u00e9trico. O TRE ampliou o atendimento para oito mil eleitores por dia. Mesmo assim, tem muito eleitor confuso sobre as penalidades que pode sofrer se n\u00e3o fizer a biometria.<br \/>\nPara o eleitor que ainda n\u00e3o fez a biometria s\u00f3 resta buscar atendimento em locais por ordem de chegada: alem do Centro de Eventos do Cear\u00e1, tem os dois Vapt Vupts, em Messejana e Ant\u00f4nio Bezerra, o posto do Centro de Inclus\u00e3o Tecnol\u00f3gica e Social do Jos\u00e9 Walter e a unidade de atendimento do TRE, no Parque da Crian\u00e7a, no Centro da Capital. Por agendamento, o atendimento j\u00e1 est\u00e1 completo, at\u00e9 o pr\u00f3ximo dia 29, em oito shoppings da Capital, Campus da Uece, no Itaperi, e Centro de Cidadania e Direitos Humanos, no Conjunto Cear\u00e1.<br \/>\nFortaleza tem 1 milh\u00e3o 802 mil e 359 eleitores. Deste total, 1 milh\u00e3o 302 mil e 494 j\u00e1 fizeram a biometria at\u00e9 esta ter\u00e7a-feira, dia 19 de novembro, o que corresponde a 72,27% do eleitorado.<br \/>\nA estimativa do Tribunal Regional Eleitoral \u00e9 que, mesmo com todo o esfor\u00e7o das equipes de cadastramento, at\u00e9 o dia 29 de novembro quando se encerra o prazo, cerca de 380 mil eleitores da Capital n\u00e3o v\u00e3o conseguir fazer a biometria. A consequ\u00eancia direta \u00e9 o cancelamento do t\u00edtulo eleitoral.<\/p>\n","protected":false},"excerpt":{"rendered":"<p>O Mutir\u00e3o da Biometria, que est\u00e1 na sua segunda semana, no Centro de Eventos do Cear\u00e1, em Fortaleza, segue atraindo um grande n\u00famero de eleitores que ainda n\u00e3o realizaram o cadastramento biom\u00e9trico. O TRE ampliou o atendimento para oito mil eleitores por dia. Mesmo assim, tem muito eleitor confuso sobre as penalidades que pode sofrer se n\u00e3o fizer a biometria. Para o eleitor que ainda n\u00e3o fez a biometria s\u00f3 resta buscar atendimento em locais por ordem de chegada:&hellip;<\/p>\n","protected":false},"author":1,"featured_media":0,"comment_status":"open","ping_status":"open","sticky":false,"template":"","format":"standard","meta":{"footnotes":""},"categories":[1],"tags":[],"class_list":["post-14619","post","type-post","status-publish","format-standard","hentry","category-noticias"],"_links":{"self":[{"href":"https:\/\/blogdorogeriogomes.com.br\/noticias\/wp-json\/wp\/v2\/posts\/14619","targetHints":{"allow":["GET"]}}],"collection":[{"href":"https:\/\/blogdorogeriogomes.com.br\/noticias\/wp-json\/wp\/v2\/posts"}],"about":[{"href":"https:\/\/blogdorogeriogomes.com.br\/noticias\/wp-json\/wp\/v2\/types\/post"}],"author":[{"embeddable":true,"href":"https:\/\/blogdorogeriogomes.com.br\/noticias\/wp-json\/wp\/v2\/users\/1"}],"replies":[{"embeddable":true,"href":"https:\/\/blogdorogeriogomes.com.br\/noticias\/wp-json\/wp\/v2\/comments?post=14619"}],"version-history":[{"count":1,"href":"https:\/\/blogdorogeriogomes.com.br\/noticias\/wp-json\/wp\/v2\/posts\/14619\/revisions"}],"predecessor-version":[{"id":14621,"href":"https:\/\/blogdorogeriogomes.com.br\/noticias\/wp-json\/wp\/v2\/posts\/14619\/revisions\/14621"}],"wp:attachment":[{"href":"https:\/\/blogdorogeriogomes.com.br\/noticias\/wp-json\/wp\/v2\/media?parent=14619"}],"wp:term":[{"taxonomy":"category","embeddable":true,"href":"https:\/\/blogdorogeriogomes.com.br\/noticias\/wp-json\/wp\/v2\/categories?post=14619"},{"taxonomy":"post_tag","embeddable":true,"href":"https:\/\/blogdorogeriogomes.com.br\/noticias\/wp-json\/wp\/v2\/tags?post=14619"}],"curies":[{"name":"wp","href":"https:\/\/api.w.org\/{rel}","templated":true}]}}