{"id":14622,"date":"2019-11-20T10:22:03","date_gmt":"2019-11-20T10:22:03","guid":{"rendered":"http:\/\/blogdorogeriogomes.com.br\/?p=14622"},"modified":"2019-11-20T10:22:03","modified_gmt":"2019-11-20T10:22:03","slug":"governo-do-estado-divulga-edital-para-inicio-da-construcao-do-aeroporto-regional-de-sobral","status":"publish","type":"post","link":"https:\/\/blogdorogeriogomes.com.br\/noticias\/2019\/11\/governo-do-estado-divulga-edital-para-inicio-da-construcao-do-aeroporto-regional-de-sobral\/","title":{"rendered":"Governo do Estado divulga edital para in\u00edcio da constru\u00e7\u00e3o do Aeroporto Regional de Sobral"},"content":{"rendered":"<p><img loading=\"lazy\" decoding=\"async\" class=\"alignnone size-medium wp-image-14624\" src=\"http:\/\/blogdorogeriogomes.com.br\/wp-content\/uploads\/2019\/11\/image-10-300x169.jpg\" alt=\"image (10)\" width=\"300\" height=\"169\" srcset=\"https:\/\/blogdorogeriogomes.com.br\/noticias\/wp-content\/uploads\/2019\/11\/image-10-300x169.jpg 300w, https:\/\/blogdorogeriogomes.com.br\/noticias\/wp-content\/uploads\/2019\/11\/image-10.jpg 680w\" sizes=\"auto, (max-width: 300px) 100vw, 300px\" \/><br \/>\nA cidade de Sobral, na Zona Norte do Cear\u00e1, vai ganhar um novo aeroporto. O edital para a constru\u00e7\u00e3o do Aeroporto Regional de Sobral foi lan\u00e7ado esta semana. O valor or\u00e7ado para a constru\u00e7\u00e3o foi de R$ 61 milh\u00f5es e 804 mil reais, de acordo com a Secretaria de Infraestrutura do Estado (Seinfra).<br \/>\nO novo Aeroporto Regional ficar\u00e1 a 13 quil\u00f4metros do Centro de Sobral. A pista de pouso e decolagem ter\u00e1 1.800 metros de extens\u00e3o por 30 metros de largura, al\u00e9m de pistas de rolamento e p\u00e1tio de aeronaves.<br \/>\nO Governo do Cear\u00e1 planeja a implanta\u00e7\u00e3o de cinco frequ\u00eancias semanais do voo Fortaleza\/Sobral\/Fortaleza. As cidades de S\u00e3o Benedito, Crate\u00fas e Iguatu tamb\u00e9m devem passar a ter voos regulares, tr\u00eas vezes por semana.<\/p>\n","protected":false},"excerpt":{"rendered":"<p>A cidade de Sobral, na Zona Norte do Cear\u00e1, vai ganhar um novo aeroporto. O edital para a constru\u00e7\u00e3o do Aeroporto Regional de Sobral foi lan\u00e7ado esta semana. O valor or\u00e7ado para a constru\u00e7\u00e3o foi de R$ 61 milh\u00f5es e 804 mil reais, de acordo com a Secretaria de Infraestrutura do Estado (Seinfra). O novo Aeroporto Regional ficar\u00e1 a 13 quil\u00f4metros do Centro de Sobral. A pista de pouso e decolagem ter\u00e1 1.800 metros de extens\u00e3o por 30 metros&hellip;<\/p>\n","protected":false},"author":1,"featured_media":0,"comment_status":"open","ping_status":"open","sticky":false,"template":"","format":"standard","meta":{"footnotes":""},"categories":[1],"tags":[],"class_list":["post-14622","post","type-post","status-publish","format-standard","hentry","category-noticias"],"_links":{"self":[{"href":"https:\/\/blogdorogeriogomes.com.br\/noticias\/wp-json\/wp\/v2\/posts\/14622","targetHints":{"allow":["GET"]}}],"collection":[{"href":"https:\/\/blogdorogeriogomes.com.br\/noticias\/wp-json\/wp\/v2\/posts"}],"about":[{"href":"https:\/\/blogdorogeriogomes.com.br\/noticias\/wp-json\/wp\/v2\/types\/post"}],"author":[{"embeddable":true,"href":"https:\/\/blogdorogeriogomes.com.br\/noticias\/wp-json\/wp\/v2\/users\/1"}],"replies":[{"embeddable":true,"href":"https:\/\/blogdorogeriogomes.com.br\/noticias\/wp-json\/wp\/v2\/comments?post=14622"}],"version-history":[{"count":1,"href":"https:\/\/blogdorogeriogomes.com.br\/noticias\/wp-json\/wp\/v2\/posts\/14622\/revisions"}],"predecessor-version":[{"id":14625,"href":"https:\/\/blogdorogeriogomes.com.br\/noticias\/wp-json\/wp\/v2\/posts\/14622\/revisions\/14625"}],"wp:attachment":[{"href":"https:\/\/blogdorogeriogomes.com.br\/noticias\/wp-json\/wp\/v2\/media?parent=14622"}],"wp:term":[{"taxonomy":"category","embeddable":true,"href":"https:\/\/blogdorogeriogomes.com.br\/noticias\/wp-json\/wp\/v2\/categories?post=14622"},{"taxonomy":"post_tag","embeddable":true,"href":"https:\/\/blogdorogeriogomes.com.br\/noticias\/wp-json\/wp\/v2\/tags?post=14622"}],"curies":[{"name":"wp","href":"https:\/\/api.w.org\/{rel}","templated":true}]}}