{"id":14626,"date":"2019-11-20T11:23:11","date_gmt":"2019-11-20T11:23:11","guid":{"rendered":"http:\/\/blogdorogeriogomes.com.br\/?p=14626"},"modified":"2019-11-20T11:23:11","modified_gmt":"2019-11-20T11:23:11","slug":"governo-federal-ainda-nao-tem-previsao-orcamentaria-para-pagar-13-do-bolsa-familia","status":"publish","type":"post","link":"https:\/\/blogdorogeriogomes.com.br\/noticias\/2019\/11\/governo-federal-ainda-nao-tem-previsao-orcamentaria-para-pagar-13-do-bolsa-familia\/","title":{"rendered":"Governo Federal ainda n\u00e3o tem previs\u00e3o or\u00e7ament\u00e1ria para pagar 13\u00b0 do Bolsa Fam\u00edlia"},"content":{"rendered":"<p><img loading=\"lazy\" decoding=\"async\" class=\"alignnone size-medium wp-image-14627\" src=\"http:\/\/blogdorogeriogomes.com.br\/wp-content\/uploads\/2019\/11\/Mais-de-600-mil-benefici\u00e1rios-do-Bolsa-Fam\u00edlia-est\u00e3o-em-fila-de-espera-para-entrar-no-programa-300x200.jpg\" alt=\"Mais-de-600-mil-benefici\u00e1rios-do-Bolsa-Fam\u00edlia-est\u00e3o-em-fila-de-espera-para-entrar-no-programa\" width=\"300\" height=\"200\" srcset=\"https:\/\/blogdorogeriogomes.com.br\/noticias\/wp-content\/uploads\/2019\/11\/Mais-de-600-mil-benefici\u00e1rios-do-Bolsa-Fam\u00edlia-est\u00e3o-em-fila-de-espera-para-entrar-no-programa-300x200.jpg 300w, https:\/\/blogdorogeriogomes.com.br\/noticias\/wp-content\/uploads\/2019\/11\/Mais-de-600-mil-benefici\u00e1rios-do-Bolsa-Fam\u00edlia-est\u00e3o-em-fila-de-espera-para-entrar-no-programa-768x512.jpg 768w, https:\/\/blogdorogeriogomes.com.br\/noticias\/wp-content\/uploads\/2019\/11\/Mais-de-600-mil-benefici\u00e1rios-do-Bolsa-Fam\u00edlia-est\u00e3o-em-fila-de-espera-para-entrar-no-programa-1024x683.jpg 1024w, https:\/\/blogdorogeriogomes.com.br\/noticias\/wp-content\/uploads\/2019\/11\/Mais-de-600-mil-benefici\u00e1rios-do-Bolsa-Fam\u00edlia-est\u00e3o-em-fila-de-espera-para-entrar-no-programa.jpg 1280w\" sizes=\"auto, (max-width: 300px) 100vw, 300px\" \/><\/p>\n<p>Reportagem da Folha de S. Paulo revela que o or\u00e7amento do Bolsa Fam\u00edlia para este ano \u00e9 insuficiente para que o presidente Jair Bolsonaro cumpra a promessa de pagar um 13\u00ba para os benefici\u00e1rios. A an\u00e1lise foi realizada por t\u00e9cnicos do Congresso Nacional. Estariam faltando R$ 759 milh\u00f5es na reserva do programa federal para garantir os pagamentos de 2019. Se n\u00e3o houver suplementa\u00e7\u00e3o de recursos, cerca de quatro milh\u00f5es de pessoas poder\u00e3o ficar sem receber o benef\u00edcio.<br \/>\nO Governo Federal vem fazendo sucessivos cortes no Bolsa Fam\u00edlia e excluiu 1,15 milh\u00e3o de benefici\u00e1rios em seis meses. Como resultado, o programa contemplar\u00e1 neste m\u00eas o menor n\u00famero de fam\u00edlias desde agosto de 2017, ainda no per\u00edodo sob gest\u00e3o do ex-presidente Michel Temer.<\/p>\n","protected":false},"excerpt":{"rendered":"<p>Reportagem da Folha de S. Paulo revela que o or\u00e7amento do Bolsa Fam\u00edlia para este ano \u00e9 insuficiente para que o presidente Jair Bolsonaro cumpra a promessa de pagar um 13\u00ba para os benefici\u00e1rios. A an\u00e1lise foi realizada por t\u00e9cnicos do Congresso Nacional. Estariam faltando R$ 759 milh\u00f5es na reserva do programa federal para garantir os pagamentos de 2019. Se n\u00e3o houver suplementa\u00e7\u00e3o de recursos, cerca de quatro milh\u00f5es de pessoas poder\u00e3o ficar sem receber o benef\u00edcio. O Governo&hellip;<\/p>\n","protected":false},"author":1,"featured_media":0,"comment_status":"open","ping_status":"open","sticky":false,"template":"","format":"standard","meta":{"footnotes":""},"categories":[1],"tags":[],"class_list":["post-14626","post","type-post","status-publish","format-standard","hentry","category-noticias"],"_links":{"self":[{"href":"https:\/\/blogdorogeriogomes.com.br\/noticias\/wp-json\/wp\/v2\/posts\/14626","targetHints":{"allow":["GET"]}}],"collection":[{"href":"https:\/\/blogdorogeriogomes.com.br\/noticias\/wp-json\/wp\/v2\/posts"}],"about":[{"href":"https:\/\/blogdorogeriogomes.com.br\/noticias\/wp-json\/wp\/v2\/types\/post"}],"author":[{"embeddable":true,"href":"https:\/\/blogdorogeriogomes.com.br\/noticias\/wp-json\/wp\/v2\/users\/1"}],"replies":[{"embeddable":true,"href":"https:\/\/blogdorogeriogomes.com.br\/noticias\/wp-json\/wp\/v2\/comments?post=14626"}],"version-history":[{"count":1,"href":"https:\/\/blogdorogeriogomes.com.br\/noticias\/wp-json\/wp\/v2\/posts\/14626\/revisions"}],"predecessor-version":[{"id":14628,"href":"https:\/\/blogdorogeriogomes.com.br\/noticias\/wp-json\/wp\/v2\/posts\/14626\/revisions\/14628"}],"wp:attachment":[{"href":"https:\/\/blogdorogeriogomes.com.br\/noticias\/wp-json\/wp\/v2\/media?parent=14626"}],"wp:term":[{"taxonomy":"category","embeddable":true,"href":"https:\/\/blogdorogeriogomes.com.br\/noticias\/wp-json\/wp\/v2\/categories?post=14626"},{"taxonomy":"post_tag","embeddable":true,"href":"https:\/\/blogdorogeriogomes.com.br\/noticias\/wp-json\/wp\/v2\/tags?post=14626"}],"curies":[{"name":"wp","href":"https:\/\/api.w.org\/{rel}","templated":true}]}}