{"id":14629,"date":"2019-11-20T17:05:31","date_gmt":"2019-11-20T17:05:31","guid":{"rendered":"http:\/\/blogdorogeriogomes.com.br\/?p=14629"},"modified":"2019-11-20T17:05:31","modified_gmt":"2019-11-20T17:05:31","slug":"camilo-santana-propoe-na-italia-projeto-integrado-de-abastecimento-para-acabar-com-carros-pipa-no-nordeste","status":"publish","type":"post","link":"https:\/\/blogdorogeriogomes.com.br\/noticias\/2019\/11\/camilo-santana-propoe-na-italia-projeto-integrado-de-abastecimento-para-acabar-com-carros-pipa-no-nordeste\/","title":{"rendered":"Camilo Santana prop\u00f5e na It\u00e1lia projeto integrado de abastecimento para acabar com carros-pipa no Nordeste"},"content":{"rendered":"<p><img loading=\"lazy\" decoding=\"async\" class=\"alignnone size-medium wp-image-14630\" src=\"http:\/\/blogdorogeriogomes.com.br\/wp-content\/uploads\/2019\/11\/IMG-20191120-WA0084-300x200.jpg\" alt=\"IMG-20191120-WA0084\" width=\"300\" height=\"200\" srcset=\"https:\/\/blogdorogeriogomes.com.br\/noticias\/wp-content\/uploads\/2019\/11\/IMG-20191120-WA0084-300x200.jpg 300w, https:\/\/blogdorogeriogomes.com.br\/noticias\/wp-content\/uploads\/2019\/11\/IMG-20191120-WA0084-768x512.jpg 768w, https:\/\/blogdorogeriogomes.com.br\/noticias\/wp-content\/uploads\/2019\/11\/IMG-20191120-WA0084-1024x682.jpg 1024w, https:\/\/blogdorogeriogomes.com.br\/noticias\/wp-content\/uploads\/2019\/11\/IMG-20191120-WA0084.jpg 1280w\" sizes=\"auto, (max-width: 300px) 100vw, 300px\" \/><\/p>\n<p>No terceiro dia da miss\u00e3o oficial na Europa, os governadores do Nordeste se reuniram nesta manh\u00e3, em Roma, na It\u00e1lia, com representantes do Fundo Internacional de Desenvolvimento Agr\u00edcola (FIDA), da Organiza\u00e7\u00e3o das Na\u00e7\u00f5es Unidas (ONU). Na ocasi\u00e3o, o governador do Cear\u00e1, Camilo Santana, prop\u00f4s a realiza\u00e7\u00e3o de um projeto integrado de abastecimento d\u2019\u00e1gua para todo o Nordeste, de forma a acabar com os carros-pipa na regi\u00e3o. O projeto ainda prev\u00ea o re\u00faso de \u00e1gua para a produ\u00e7\u00e3o.<br \/>\n&#8220;A ideia \u00e9 um projeto inovador integrado para o Nordeste, com diversos fundos internacionais e o Governo Federal, de abastecimento e re\u00faso d&#8217;\u00e1gua para a produ\u00e7\u00e3o, que pudesse eliminar a m\u00e9dio prazo a Opera\u00e7\u00e3o Carro-Pipa. Uma a\u00e7\u00e3o importante para garantir o acesso \u00e0 \u00e1gua e ao mesmo tempo reutiliza-la para a produ\u00e7\u00e3o. \u00c9 inadmiss\u00edvel que em pleno 2019 ainda existam tantas regi\u00f5es dependentes dos carros-pipa&#8221;, afirmou o governador Camilo Santana. Atualmente, a Uni\u00e3o gasta entre R$ 800 milh\u00f5es e R$ 1 bilh\u00e3o com a Opera\u00e7\u00e3o Carro-Pipa.<\/p>\n","protected":false},"excerpt":{"rendered":"<p>No terceiro dia da miss\u00e3o oficial na Europa, os governadores do Nordeste se reuniram nesta manh\u00e3, em Roma, na It\u00e1lia, com representantes do Fundo Internacional de Desenvolvimento Agr\u00edcola (FIDA), da Organiza\u00e7\u00e3o das Na\u00e7\u00f5es Unidas (ONU). Na ocasi\u00e3o, o governador do Cear\u00e1, Camilo Santana, prop\u00f4s a realiza\u00e7\u00e3o de um projeto integrado de abastecimento d\u2019\u00e1gua para todo o Nordeste, de forma a acabar com os carros-pipa na regi\u00e3o. O projeto ainda prev\u00ea o re\u00faso de \u00e1gua para a produ\u00e7\u00e3o. &#8220;A ideia&hellip;<\/p>\n","protected":false},"author":1,"featured_media":0,"comment_status":"open","ping_status":"open","sticky":false,"template":"","format":"standard","meta":{"footnotes":""},"categories":[1],"tags":[],"class_list":["post-14629","post","type-post","status-publish","format-standard","hentry","category-noticias"],"_links":{"self":[{"href":"https:\/\/blogdorogeriogomes.com.br\/noticias\/wp-json\/wp\/v2\/posts\/14629","targetHints":{"allow":["GET"]}}],"collection":[{"href":"https:\/\/blogdorogeriogomes.com.br\/noticias\/wp-json\/wp\/v2\/posts"}],"about":[{"href":"https:\/\/blogdorogeriogomes.com.br\/noticias\/wp-json\/wp\/v2\/types\/post"}],"author":[{"embeddable":true,"href":"https:\/\/blogdorogeriogomes.com.br\/noticias\/wp-json\/wp\/v2\/users\/1"}],"replies":[{"embeddable":true,"href":"https:\/\/blogdorogeriogomes.com.br\/noticias\/wp-json\/wp\/v2\/comments?post=14629"}],"version-history":[{"count":1,"href":"https:\/\/blogdorogeriogomes.com.br\/noticias\/wp-json\/wp\/v2\/posts\/14629\/revisions"}],"predecessor-version":[{"id":14631,"href":"https:\/\/blogdorogeriogomes.com.br\/noticias\/wp-json\/wp\/v2\/posts\/14629\/revisions\/14631"}],"wp:attachment":[{"href":"https:\/\/blogdorogeriogomes.com.br\/noticias\/wp-json\/wp\/v2\/media?parent=14629"}],"wp:term":[{"taxonomy":"category","embeddable":true,"href":"https:\/\/blogdorogeriogomes.com.br\/noticias\/wp-json\/wp\/v2\/categories?post=14629"},{"taxonomy":"post_tag","embeddable":true,"href":"https:\/\/blogdorogeriogomes.com.br\/noticias\/wp-json\/wp\/v2\/tags?post=14629"}],"curies":[{"name":"wp","href":"https:\/\/api.w.org\/{rel}","templated":true}]}}