{"id":14632,"date":"2019-11-20T23:25:53","date_gmt":"2019-11-20T23:25:53","guid":{"rendered":"http:\/\/blogdorogeriogomes.com.br\/?p=14632"},"modified":"2019-11-20T23:25:53","modified_gmt":"2019-11-20T23:25:53","slug":"roberto-claudio-recebe-medalha-merito-legislativo-em-brasilia","status":"publish","type":"post","link":"https:\/\/blogdorogeriogomes.com.br\/noticias\/2019\/11\/roberto-claudio-recebe-medalha-merito-legislativo-em-brasilia\/","title":{"rendered":"Roberto Cl\u00e1udio recebe Medalha M\u00e9rito Legislativo em Bras\u00edlia"},"content":{"rendered":"<p class=\"pull-center\"><img loading=\"lazy\" decoding=\"async\" class=\"alignnone size-medium wp-image-14633\" src=\"http:\/\/blogdorogeriogomes.com.br\/wp-content\/uploads\/2019\/11\/IMG-20191120-WA0161-300x177.jpg\" alt=\"IMG-20191120-WA0161\" width=\"300\" height=\"177\" srcset=\"https:\/\/blogdorogeriogomes.com.br\/noticias\/wp-content\/uploads\/2019\/11\/IMG-20191120-WA0161-300x177.jpg 300w, https:\/\/blogdorogeriogomes.com.br\/noticias\/wp-content\/uploads\/2019\/11\/IMG-20191120-WA0161-768x454.jpg 768w, https:\/\/blogdorogeriogomes.com.br\/noticias\/wp-content\/uploads\/2019\/11\/IMG-20191120-WA0161-1024x606.jpg 1024w, https:\/\/blogdorogeriogomes.com.br\/noticias\/wp-content\/uploads\/2019\/11\/IMG-20191120-WA0161.jpg 1280w\" sizes=\"auto, (max-width: 300px) 100vw, 300px\" \/><\/p>\n<p class=\"pull-center\">O prefeito de Fortaleza, Roberto Cl\u00e1udio, foi condecorado, nesta quarta-feira, dia 20 de novembro, em Bras\u00edlia, com a Medalha M\u00e9rito Legislativo, concedida pela C\u00e2mara dos Deputados. A medalha \u00e9 considerada a mais importante honraria agraciada pela Casa.<\/p>\n<p>A honraria, entregue anualmente, \u00e9 destinada a distinguir e condecorar personalidades ou institui\u00e7\u00f5es que tenham prestado servi\u00e7os relevantes ao Poder Legislativo ou ao Brasil.<\/p>\n<p>A homenagem ao Prefeito foi concedida a partir da indica\u00e7\u00e3o do deputado federal Andr\u00e9 Figueredo, l\u00edder da bancada do PDT na C\u00e2mara dos Deputados e presidente do partido no Cear\u00e1.<\/p>\n","protected":false},"excerpt":{"rendered":"<p>O prefeito de Fortaleza, Roberto Cl\u00e1udio, foi condecorado, nesta quarta-feira, dia 20 de novembro, em Bras\u00edlia, com a Medalha M\u00e9rito Legislativo, concedida pela C\u00e2mara dos Deputados. A medalha \u00e9 considerada a mais importante honraria agraciada pela Casa. A honraria, entregue anualmente, \u00e9 destinada a distinguir e condecorar personalidades ou institui\u00e7\u00f5es que tenham prestado servi\u00e7os relevantes ao Poder Legislativo ou ao Brasil. A homenagem ao Prefeito foi concedida a partir da indica\u00e7\u00e3o do deputado federal Andr\u00e9 Figueredo, l\u00edder da bancada&hellip;<\/p>\n","protected":false},"author":1,"featured_media":0,"comment_status":"open","ping_status":"open","sticky":false,"template":"","format":"standard","meta":{"footnotes":""},"categories":[1],"tags":[],"class_list":["post-14632","post","type-post","status-publish","format-standard","hentry","category-noticias"],"_links":{"self":[{"href":"https:\/\/blogdorogeriogomes.com.br\/noticias\/wp-json\/wp\/v2\/posts\/14632","targetHints":{"allow":["GET"]}}],"collection":[{"href":"https:\/\/blogdorogeriogomes.com.br\/noticias\/wp-json\/wp\/v2\/posts"}],"about":[{"href":"https:\/\/blogdorogeriogomes.com.br\/noticias\/wp-json\/wp\/v2\/types\/post"}],"author":[{"embeddable":true,"href":"https:\/\/blogdorogeriogomes.com.br\/noticias\/wp-json\/wp\/v2\/users\/1"}],"replies":[{"embeddable":true,"href":"https:\/\/blogdorogeriogomes.com.br\/noticias\/wp-json\/wp\/v2\/comments?post=14632"}],"version-history":[{"count":1,"href":"https:\/\/blogdorogeriogomes.com.br\/noticias\/wp-json\/wp\/v2\/posts\/14632\/revisions"}],"predecessor-version":[{"id":14634,"href":"https:\/\/blogdorogeriogomes.com.br\/noticias\/wp-json\/wp\/v2\/posts\/14632\/revisions\/14634"}],"wp:attachment":[{"href":"https:\/\/blogdorogeriogomes.com.br\/noticias\/wp-json\/wp\/v2\/media?parent=14632"}],"wp:term":[{"taxonomy":"category","embeddable":true,"href":"https:\/\/blogdorogeriogomes.com.br\/noticias\/wp-json\/wp\/v2\/categories?post=14632"},{"taxonomy":"post_tag","embeddable":true,"href":"https:\/\/blogdorogeriogomes.com.br\/noticias\/wp-json\/wp\/v2\/tags?post=14632"}],"curies":[{"name":"wp","href":"https:\/\/api.w.org\/{rel}","templated":true}]}}