{"id":14635,"date":"2019-11-20T23:35:42","date_gmt":"2019-11-20T23:35:42","guid":{"rendered":"http:\/\/blogdorogeriogomes.com.br\/?p=14635"},"modified":"2019-11-20T23:35:42","modified_gmt":"2019-11-20T23:35:42","slug":"spc-inicia-feirao-de-renegociacao-de-dividas-na-sede-da-cdl-fortaleza-ate-25-de-dezembro","status":"publish","type":"post","link":"https:\/\/blogdorogeriogomes.com.br\/noticias\/2019\/11\/spc-inicia-feirao-de-renegociacao-de-dividas-na-sede-da-cdl-fortaleza-ate-25-de-dezembro\/","title":{"rendered":"SPC inicia feir\u00e3o de renegocia\u00e7\u00e3o de d\u00edvidas na sede da CDL Fortaleza at\u00e9 25 de dezembro"},"content":{"rendered":"<p><img loading=\"lazy\" decoding=\"async\" class=\"alignnone size-medium wp-image-14636\" src=\"http:\/\/blogdorogeriogomes.com.br\/wp-content\/uploads\/2019\/11\/images-2019-11-20T203230.520-300x168.jpeg\" alt=\"images - 2019-11-20T203230.520\" width=\"300\" height=\"168\" srcset=\"https:\/\/blogdorogeriogomes.com.br\/noticias\/wp-content\/uploads\/2019\/11\/images-2019-11-20T203230.520-300x168.jpeg 300w, https:\/\/blogdorogeriogomes.com.br\/noticias\/wp-content\/uploads\/2019\/11\/images-2019-11-20T203230.520.jpeg 739w\" sizes=\"auto, (max-width: 300px) 100vw, 300px\" \/><\/p>\n<p>O Servi\u00e7o de Prote\u00e7\u00e3o ao Cr\u00e9dito (SPC), na sede da C\u00e2mara de Dirigentes Lojistas de Fortaleza, vai realizar mais um feir\u00e3o de renegocia\u00e7\u00e3o de d\u00edvidas, a partir desta quinta-feira, dia 21 de novembro. A a\u00e7\u00e3o oferecer\u00e1 com descontos de 50% a 90% dos d\u00e9bitos. O atendimento presencial acontecer\u00e1 de segunda a sexta-feira, das 8 \u00e0s 17 horas. Os consumidores dever\u00e3o portar RG e CPF em m\u00e3os.<br \/>\nV\u00e3o participar do feir\u00e3o, at\u00e9 25 de dezembro, mais de 120 empresas de diversos setores, como bancos, cons\u00f3rcios, operadoras de telefonia, construtoras, supermercados e empresas do com\u00e9rcio e do setor de servi\u00e7os. As empresas dever\u00e3o oferecer condi\u00e7\u00f5es especiais para quem estiver interessado em regularizar as pend\u00eancias.<\/p>\n","protected":false},"excerpt":{"rendered":"<p>O Servi\u00e7o de Prote\u00e7\u00e3o ao Cr\u00e9dito (SPC), na sede da C\u00e2mara de Dirigentes Lojistas de Fortaleza, vai realizar mais um feir\u00e3o de renegocia\u00e7\u00e3o de d\u00edvidas, a partir desta quinta-feira, dia 21 de novembro. A a\u00e7\u00e3o oferecer\u00e1 com descontos de 50% a 90% dos d\u00e9bitos. O atendimento presencial acontecer\u00e1 de segunda a sexta-feira, das 8 \u00e0s 17 horas. Os consumidores dever\u00e3o portar RG e CPF em m\u00e3os. V\u00e3o participar do feir\u00e3o, at\u00e9 25 de dezembro, mais de 120 empresas de&hellip;<\/p>\n","protected":false},"author":1,"featured_media":0,"comment_status":"open","ping_status":"open","sticky":false,"template":"","format":"standard","meta":{"footnotes":""},"categories":[1],"tags":[],"class_list":["post-14635","post","type-post","status-publish","format-standard","hentry","category-noticias"],"_links":{"self":[{"href":"https:\/\/blogdorogeriogomes.com.br\/noticias\/wp-json\/wp\/v2\/posts\/14635","targetHints":{"allow":["GET"]}}],"collection":[{"href":"https:\/\/blogdorogeriogomes.com.br\/noticias\/wp-json\/wp\/v2\/posts"}],"about":[{"href":"https:\/\/blogdorogeriogomes.com.br\/noticias\/wp-json\/wp\/v2\/types\/post"}],"author":[{"embeddable":true,"href":"https:\/\/blogdorogeriogomes.com.br\/noticias\/wp-json\/wp\/v2\/users\/1"}],"replies":[{"embeddable":true,"href":"https:\/\/blogdorogeriogomes.com.br\/noticias\/wp-json\/wp\/v2\/comments?post=14635"}],"version-history":[{"count":1,"href":"https:\/\/blogdorogeriogomes.com.br\/noticias\/wp-json\/wp\/v2\/posts\/14635\/revisions"}],"predecessor-version":[{"id":14637,"href":"https:\/\/blogdorogeriogomes.com.br\/noticias\/wp-json\/wp\/v2\/posts\/14635\/revisions\/14637"}],"wp:attachment":[{"href":"https:\/\/blogdorogeriogomes.com.br\/noticias\/wp-json\/wp\/v2\/media?parent=14635"}],"wp:term":[{"taxonomy":"category","embeddable":true,"href":"https:\/\/blogdorogeriogomes.com.br\/noticias\/wp-json\/wp\/v2\/categories?post=14635"},{"taxonomy":"post_tag","embeddable":true,"href":"https:\/\/blogdorogeriogomes.com.br\/noticias\/wp-json\/wp\/v2\/tags?post=14635"}],"curies":[{"name":"wp","href":"https:\/\/api.w.org\/{rel}","templated":true}]}}