{"id":14638,"date":"2019-11-21T10:11:37","date_gmt":"2019-11-21T10:11:37","guid":{"rendered":"http:\/\/blogdorogeriogomes.com.br\/?p=14638"},"modified":"2019-11-21T10:11:37","modified_gmt":"2019-11-21T10:11:37","slug":"justica-federal-do-ceara-suspende-a-liberacao-de-63-novos-agrotoxicos-em-todo-o-pais","status":"publish","type":"post","link":"https:\/\/blogdorogeriogomes.com.br\/noticias\/2019\/11\/justica-federal-do-ceara-suspende-a-liberacao-de-63-novos-agrotoxicos-em-todo-o-pais\/","title":{"rendered":"Justi\u00e7a Federal do Cear\u00e1 suspende a libera\u00e7\u00e3o de 63 novos agrot\u00f3xicos em todo o Pa\u00eds"},"content":{"rendered":"<p><img loading=\"lazy\" decoding=\"async\" class=\"alignnone size-medium wp-image-14639\" src=\"http:\/\/blogdorogeriogomes.com.br\/wp-content\/uploads\/2019\/11\/images-2019-11-21T070743.445-300x155.jpeg\" alt=\"images - 2019-11-21T070743.445\" width=\"300\" height=\"155\" srcset=\"https:\/\/blogdorogeriogomes.com.br\/noticias\/wp-content\/uploads\/2019\/11\/images-2019-11-21T070743.445-300x155.jpeg 300w, https:\/\/blogdorogeriogomes.com.br\/noticias\/wp-content\/uploads\/2019\/11\/images-2019-11-21T070743.445-768x396.jpeg 768w, https:\/\/blogdorogeriogomes.com.br\/noticias\/wp-content\/uploads\/2019\/11\/images-2019-11-21T070743.445.jpeg 771w\" sizes=\"auto, (max-width: 300px) 100vw, 300px\" \/><\/p>\n<p>A Justi\u00e7a Federal do Cear\u00e1 suspendeu a libera\u00e7\u00e3o de 63 novos agrot\u00f3xicos em todo o Brasil. Decidida em car\u00e1ter liminar, a medida suspende efeitos do ato 62 do Minist\u00e9rio da Agricultura, que liberava o uso de novas marcas de veneno na agricultura brasileira. A a\u00e7\u00e3o popular foi apresentada pelo deputado federal C\u00e9lio Studart (PV-CE).<br \/>\nO juiz federal Lu\u00eds Praxedes Vieira da Silva, da 1\u00aa Vara Federal de Fortaleza, determina que o Minist\u00e9rio seja notificado para tomar medidas no sentido de cumprir a medida. O juiz alerta que parte dos produtos liberados pela pasta podem ser considerados altamente t\u00f3xicos e perigosos ao meio ambiente.<\/p>\n","protected":false},"excerpt":{"rendered":"<p>A Justi\u00e7a Federal do Cear\u00e1 suspendeu a libera\u00e7\u00e3o de 63 novos agrot\u00f3xicos em todo o Brasil. Decidida em car\u00e1ter liminar, a medida suspende efeitos do ato 62 do Minist\u00e9rio da Agricultura, que liberava o uso de novas marcas de veneno na agricultura brasileira. A a\u00e7\u00e3o popular foi apresentada pelo deputado federal C\u00e9lio Studart (PV-CE). O juiz federal Lu\u00eds Praxedes Vieira da Silva, da 1\u00aa Vara Federal de Fortaleza, determina que o Minist\u00e9rio seja notificado para tomar medidas no sentido&hellip;<\/p>\n","protected":false},"author":1,"featured_media":0,"comment_status":"open","ping_status":"open","sticky":false,"template":"","format":"standard","meta":{"footnotes":""},"categories":[1],"tags":[],"class_list":["post-14638","post","type-post","status-publish","format-standard","hentry","category-noticias"],"_links":{"self":[{"href":"https:\/\/blogdorogeriogomes.com.br\/noticias\/wp-json\/wp\/v2\/posts\/14638","targetHints":{"allow":["GET"]}}],"collection":[{"href":"https:\/\/blogdorogeriogomes.com.br\/noticias\/wp-json\/wp\/v2\/posts"}],"about":[{"href":"https:\/\/blogdorogeriogomes.com.br\/noticias\/wp-json\/wp\/v2\/types\/post"}],"author":[{"embeddable":true,"href":"https:\/\/blogdorogeriogomes.com.br\/noticias\/wp-json\/wp\/v2\/users\/1"}],"replies":[{"embeddable":true,"href":"https:\/\/blogdorogeriogomes.com.br\/noticias\/wp-json\/wp\/v2\/comments?post=14638"}],"version-history":[{"count":1,"href":"https:\/\/blogdorogeriogomes.com.br\/noticias\/wp-json\/wp\/v2\/posts\/14638\/revisions"}],"predecessor-version":[{"id":14640,"href":"https:\/\/blogdorogeriogomes.com.br\/noticias\/wp-json\/wp\/v2\/posts\/14638\/revisions\/14640"}],"wp:attachment":[{"href":"https:\/\/blogdorogeriogomes.com.br\/noticias\/wp-json\/wp\/v2\/media?parent=14638"}],"wp:term":[{"taxonomy":"category","embeddable":true,"href":"https:\/\/blogdorogeriogomes.com.br\/noticias\/wp-json\/wp\/v2\/categories?post=14638"},{"taxonomy":"post_tag","embeddable":true,"href":"https:\/\/blogdorogeriogomes.com.br\/noticias\/wp-json\/wp\/v2\/tags?post=14638"}],"curies":[{"name":"wp","href":"https:\/\/api.w.org\/{rel}","templated":true}]}}