{"id":14641,"date":"2019-11-21T10:33:11","date_gmt":"2019-11-21T10:33:11","guid":{"rendered":"http:\/\/blogdorogeriogomes.com.br\/?p=14641"},"modified":"2019-11-21T10:33:11","modified_gmt":"2019-11-21T10:33:11","slug":"bolsonaro-lanca-novo-partido-ainda-sem-saber-se-tera-acesso-a-fundo-partidario-e-tempo-de-radio-e-tv","status":"publish","type":"post","link":"https:\/\/blogdorogeriogomes.com.br\/noticias\/2019\/11\/bolsonaro-lanca-novo-partido-ainda-sem-saber-se-tera-acesso-a-fundo-partidario-e-tempo-de-radio-e-tv\/","title":{"rendered":"Bolsonaro lan\u00e7a novo partido ainda sem saber se ter\u00e1 acesso a fundo partid\u00e1rio e tempo de r\u00e1dio e TV"},"content":{"rendered":"<p><img loading=\"lazy\" decoding=\"async\" class=\"alignnone size-medium wp-image-14642\" src=\"http:\/\/blogdorogeriogomes.com.br\/wp-content\/uploads\/2019\/11\/delegado_andre_fernandes-3701224-300x200.jpg\" alt=\"delegado_andre_fernandes-3701224\" width=\"300\" height=\"200\" srcset=\"https:\/\/blogdorogeriogomes.com.br\/noticias\/wp-content\/uploads\/2019\/11\/delegado_andre_fernandes-3701224-300x200.jpg 300w, https:\/\/blogdorogeriogomes.com.br\/noticias\/wp-content\/uploads\/2019\/11\/delegado_andre_fernandes-3701224-768x512.jpg 768w, https:\/\/blogdorogeriogomes.com.br\/noticias\/wp-content\/uploads\/2019\/11\/delegado_andre_fernandes-3701224-1024x683.jpg 1024w, https:\/\/blogdorogeriogomes.com.br\/noticias\/wp-content\/uploads\/2019\/11\/delegado_andre_fernandes-3701224.jpg 1140w\" sizes=\"auto, (max-width: 300px) 100vw, 300px\" \/><\/p>\n<p>Cheio de incertezas sobre o direito a recursos do fundo partid\u00e1rio e do tempo de r\u00e1dio e TV na campanha eleitoral do pr\u00f3ximo ano, o presidente Jair Bolsonaro lan\u00e7a oficialmente nesta quinta-feira, dia 21 de novembro, o novo partido Alian\u00e7a pelo Brasil. Caso n\u00e3o consiga brechas na Justi\u00e7a Eleitoral, a nova sigla pode disputar a elei\u00e7\u00e3o municipal de 2020 e chegar \u00e0 corrida presidencial de 2022 sem recursos garantidos em Lei.<br \/>\nA expectativa \u00e9 que pelo menos 30 parlamentares em n\u00edvel nacional devem deixar o PSL e seguir com Bolsonaro para a nova legenda. No Cear\u00e1, 30 pedidos de cancelamento de filia\u00e7\u00e3o ao PSL j\u00e1 foram feitos. A bancada do PSL na Assembleia Legislativa dever\u00e1 desaparecer com as desfilia\u00e7\u00f5es de Andr\u00e9 Fernandes e Delegado Cavalcante (foto). O deputado federal Heitor Freire, que preside o PSL no Estado, n\u00e3o deixar\u00e1 o partido.<br \/>\nPara o Alian\u00e7a Pelo Brasil ser criado \u00e9 preciso coletar 500 mil assinaturas para poder apresentar o registro no Tribunal Superior Eleitoral (TSE), que deve decidir na ter\u00e7a-feira, dia 26 de novembro, se pode aceitar aceitar assinaturas eletr\u00f4nicas de eleitores para a forma\u00e7\u00e3o de um partido pol\u00edtico. A decis\u00e3o interfere nos planos de Jair Bolsonaro, que tem pressa de deixar o novo partido em condi\u00e7\u00f5es de concorrer nas elei\u00e7\u00f5es municipais de 2020.<\/p>\n","protected":false},"excerpt":{"rendered":"<p>Cheio de incertezas sobre o direito a recursos do fundo partid\u00e1rio e do tempo de r\u00e1dio e TV na campanha eleitoral do pr\u00f3ximo ano, o presidente Jair Bolsonaro lan\u00e7a oficialmente nesta quinta-feira, dia 21 de novembro, o novo partido Alian\u00e7a pelo Brasil. Caso n\u00e3o consiga brechas na Justi\u00e7a Eleitoral, a nova sigla pode disputar a elei\u00e7\u00e3o municipal de 2020 e chegar \u00e0 corrida presidencial de 2022 sem recursos garantidos em Lei. A expectativa \u00e9 que pelo menos 30 parlamentares&hellip;<\/p>\n","protected":false},"author":1,"featured_media":0,"comment_status":"open","ping_status":"open","sticky":false,"template":"","format":"standard","meta":{"footnotes":""},"categories":[1],"tags":[],"class_list":["post-14641","post","type-post","status-publish","format-standard","hentry","category-noticias"],"_links":{"self":[{"href":"https:\/\/blogdorogeriogomes.com.br\/noticias\/wp-json\/wp\/v2\/posts\/14641","targetHints":{"allow":["GET"]}}],"collection":[{"href":"https:\/\/blogdorogeriogomes.com.br\/noticias\/wp-json\/wp\/v2\/posts"}],"about":[{"href":"https:\/\/blogdorogeriogomes.com.br\/noticias\/wp-json\/wp\/v2\/types\/post"}],"author":[{"embeddable":true,"href":"https:\/\/blogdorogeriogomes.com.br\/noticias\/wp-json\/wp\/v2\/users\/1"}],"replies":[{"embeddable":true,"href":"https:\/\/blogdorogeriogomes.com.br\/noticias\/wp-json\/wp\/v2\/comments?post=14641"}],"version-history":[{"count":1,"href":"https:\/\/blogdorogeriogomes.com.br\/noticias\/wp-json\/wp\/v2\/posts\/14641\/revisions"}],"predecessor-version":[{"id":14643,"href":"https:\/\/blogdorogeriogomes.com.br\/noticias\/wp-json\/wp\/v2\/posts\/14641\/revisions\/14643"}],"wp:attachment":[{"href":"https:\/\/blogdorogeriogomes.com.br\/noticias\/wp-json\/wp\/v2\/media?parent=14641"}],"wp:term":[{"taxonomy":"category","embeddable":true,"href":"https:\/\/blogdorogeriogomes.com.br\/noticias\/wp-json\/wp\/v2\/categories?post=14641"},{"taxonomy":"post_tag","embeddable":true,"href":"https:\/\/blogdorogeriogomes.com.br\/noticias\/wp-json\/wp\/v2\/tags?post=14641"}],"curies":[{"name":"wp","href":"https:\/\/api.w.org\/{rel}","templated":true}]}}