{"id":14644,"date":"2019-11-22T01:33:17","date_gmt":"2019-11-22T01:33:17","guid":{"rendered":"http:\/\/blogdorogeriogomes.com.br\/?p=14644"},"modified":"2019-11-22T01:33:17","modified_gmt":"2019-11-22T01:33:17","slug":"sem-vagas-em-unidades-socioeducativas-do-ceara-justica-esta-liberando-menores-para-internacao-domiciliar","status":"publish","type":"post","link":"https:\/\/blogdorogeriogomes.com.br\/noticias\/2019\/11\/sem-vagas-em-unidades-socioeducativas-do-ceara-justica-esta-liberando-menores-para-internacao-domiciliar\/","title":{"rendered":"Sem vagas em unidades socioeducativas do Cear\u00e1, Justi\u00e7a est\u00e1 liberando menores para interna\u00e7\u00e3o domiciliar"},"content":{"rendered":"<p><img loading=\"lazy\" decoding=\"async\" class=\"alignnone size-medium wp-image-14646\" src=\"http:\/\/blogdorogeriogomes.com.br\/wp-content\/uploads\/2019\/11\/images-2019-11-21T222954.425-300x168.jpeg\" alt=\"images - 2019-11-21T222954.425\" width=\"300\" height=\"168\" srcset=\"https:\/\/blogdorogeriogomes.com.br\/noticias\/wp-content\/uploads\/2019\/11\/images-2019-11-21T222954.425-300x168.jpeg 300w, https:\/\/blogdorogeriogomes.com.br\/noticias\/wp-content\/uploads\/2019\/11\/images-2019-11-21T222954.425.jpeg 739w\" sizes=\"auto, (max-width: 300px) 100vw, 300px\" \/><\/p>\n<p>Desde que o ministro do Supremo Tribunal Federal (STF), Edson Fachin, determinou que os centros socioeducativos n\u00e3o poderiam ultrapassar o limite de 119% de lota\u00e7\u00e3o, a situa\u00e7\u00e3o s\u00f3 tem piorado no Cear\u00e1. Atualmente, a Vara da Inf\u00e2ncia de Fortaleza est\u00e1 determinando a libera\u00e7\u00e3o de menores envolvidos em infra\u00e7\u00f5es consideradas violentas.<br \/>\nA capacidade dos nove Centros Socioeducativos de Fortaleza e Regi\u00e3o Metropolitana \u00e9 de cerca de 800 menores. S\u00e3o 588 vagas dispon\u00edveis, mas o n\u00famero \u00e9 sempre maior. E uma decis\u00e3o recente do STF n\u00e3o permite mais a superlota\u00e7\u00e3o em unidades de recupera\u00e7\u00e3o de menores. Assim, o m\u00e1ximo de interna\u00e7\u00e3o no Cear\u00e1 \u00e9 de 699 adolescentes.<br \/>\nO excedente est\u00e1 sendo liberado pela Justi\u00e7a para cumprir medida de interna\u00e7\u00e3o domiciliar, que determina algumas regras a serem seguidas pelo menor infrator. \u201cO jovem s\u00f3 pode sair de casa se for para ir a escola\u201d, ressaltou Manuel Clistenes, juiz da 5\u00aa Vara da Inf\u00e2ncia e da Juventude de Fortaleza.<br \/>\nEm todo o m\u00eas de novembro, j\u00e1 somam mais de 100 adolescentes mandados pra casa no Estado. O Minist\u00e9rio P\u00fablico se posiciona contra a libera\u00e7\u00e3o e tem recorrido da medida.<\/p>\n","protected":false},"excerpt":{"rendered":"<p>Desde que o ministro do Supremo Tribunal Federal (STF), Edson Fachin, determinou que os centros socioeducativos n\u00e3o poderiam ultrapassar o limite de 119% de lota\u00e7\u00e3o, a situa\u00e7\u00e3o s\u00f3 tem piorado no Cear\u00e1. Atualmente, a Vara da Inf\u00e2ncia de Fortaleza est\u00e1 determinando a libera\u00e7\u00e3o de menores envolvidos em infra\u00e7\u00f5es consideradas violentas. A capacidade dos nove Centros Socioeducativos de Fortaleza e Regi\u00e3o Metropolitana \u00e9 de cerca de 800 menores. S\u00e3o 588 vagas dispon\u00edveis, mas o n\u00famero \u00e9 sempre maior. E uma&hellip;<\/p>\n","protected":false},"author":1,"featured_media":0,"comment_status":"open","ping_status":"open","sticky":false,"template":"","format":"standard","meta":{"footnotes":""},"categories":[1],"tags":[],"class_list":["post-14644","post","type-post","status-publish","format-standard","hentry","category-noticias"],"_links":{"self":[{"href":"https:\/\/blogdorogeriogomes.com.br\/noticias\/wp-json\/wp\/v2\/posts\/14644","targetHints":{"allow":["GET"]}}],"collection":[{"href":"https:\/\/blogdorogeriogomes.com.br\/noticias\/wp-json\/wp\/v2\/posts"}],"about":[{"href":"https:\/\/blogdorogeriogomes.com.br\/noticias\/wp-json\/wp\/v2\/types\/post"}],"author":[{"embeddable":true,"href":"https:\/\/blogdorogeriogomes.com.br\/noticias\/wp-json\/wp\/v2\/users\/1"}],"replies":[{"embeddable":true,"href":"https:\/\/blogdorogeriogomes.com.br\/noticias\/wp-json\/wp\/v2\/comments?post=14644"}],"version-history":[{"count":1,"href":"https:\/\/blogdorogeriogomes.com.br\/noticias\/wp-json\/wp\/v2\/posts\/14644\/revisions"}],"predecessor-version":[{"id":14647,"href":"https:\/\/blogdorogeriogomes.com.br\/noticias\/wp-json\/wp\/v2\/posts\/14644\/revisions\/14647"}],"wp:attachment":[{"href":"https:\/\/blogdorogeriogomes.com.br\/noticias\/wp-json\/wp\/v2\/media?parent=14644"}],"wp:term":[{"taxonomy":"category","embeddable":true,"href":"https:\/\/blogdorogeriogomes.com.br\/noticias\/wp-json\/wp\/v2\/categories?post=14644"},{"taxonomy":"post_tag","embeddable":true,"href":"https:\/\/blogdorogeriogomes.com.br\/noticias\/wp-json\/wp\/v2\/tags?post=14644"}],"curies":[{"name":"wp","href":"https:\/\/api.w.org\/{rel}","templated":true}]}}