{"id":14649,"date":"2019-11-22T01:41:11","date_gmt":"2019-11-22T01:41:11","guid":{"rendered":"http:\/\/blogdorogeriogomes.com.br\/?p=14649"},"modified":"2019-11-22T01:41:11","modified_gmt":"2019-11-22T01:41:11","slug":"governo-do-ceara-cede-imoveis-do-lord-hotel-e-escola-de-gastronomia-e-hotelaria","status":"publish","type":"post","link":"https:\/\/blogdorogeriogomes.com.br\/noticias\/2019\/11\/governo-do-ceara-cede-imoveis-do-lord-hotel-e-escola-de-gastronomia-e-hotelaria\/","title":{"rendered":"Governo do Cear\u00e1 cede im\u00f3veis do Lord Hotel e Escola de Gastronomia e Hotelaria"},"content":{"rendered":"<p><img loading=\"lazy\" decoding=\"async\" class=\"alignnone size-medium wp-image-14650\" src=\"http:\/\/blogdorogeriogomes.com.br\/wp-content\/uploads\/2019\/11\/images-2019-11-21T223456.336-300x171.jpeg\" alt=\"images - 2019-11-21T223456.336\" width=\"300\" height=\"171\" srcset=\"https:\/\/blogdorogeriogomes.com.br\/noticias\/wp-content\/uploads\/2019\/11\/images-2019-11-21T223456.336-300x171.jpeg 300w, https:\/\/blogdorogeriogomes.com.br\/noticias\/wp-content\/uploads\/2019\/11\/images-2019-11-21T223456.336.jpeg 733w\" sizes=\"auto, (max-width: 300px) 100vw, 300px\" \/><\/p>\n<p>O im\u00f3vel que abrigou o antigo Lord Hotel, localizado na rua Liberato Barroso, no Centro de Fortaleza, foi cedido pelo Governo do Cear\u00e1 ao Mun\u00edcipio de Fortaleza, nesta quinta-feira, dia 21 de novembro. No im\u00f3vel funcionar\u00e1 a nova sede da C\u00e2mara Municipal de Fortaleza. Com a aprova\u00e7\u00e3o da Assembleia Legislativa do Cear\u00e1, a lei autoriza a cess\u00e3o de uso do pr\u00e9dio, denominado Ed. Philomeno. Com a aprova\u00e7\u00e3o do Poder Legislativo, a lei segue para san\u00e7\u00e3o do governador Camilo Santana, para entrar em vigor. A medida \u00e9 justificada no texto do Governo no sentido de propiciar a requalifica\u00e7\u00e3o urbana de um ponto importante do Centro da Capital.<br \/>\nA nova localiza\u00e7\u00e3o da C\u00e2mara Municipal vai permitir o melhor acesso aos servi\u00e7os daquele Poder por parte da popula\u00e7\u00e3o, no fortalecimento da participa\u00e7\u00e3o democr\u00e1tica.<br \/>\nNa Assembleia Legislativa tamb\u00e9m foi aprovado o termo de cess\u00e3o de im\u00f3vel da Escola de Gastronomia e Hotelaria para a Federa\u00e7\u00e3o do Com\u00e9rcio de Bens, Servi\u00e7os e Turismo do Estado do Cear\u00e1 (Fecomercio). O predio \u00e9 localizado no bairro Moura Brasil, em Fortaleza, e ser\u00e1 utilizado para a implanta\u00e7\u00e3o de projetos nas \u00e1reas social, cultural, de educa\u00e7\u00e3o e de sa\u00fade. O projeto ter\u00e1 a participa\u00e7\u00e3o do Sistema S, com o servi\u00e7o social do com\u00e9rcio (Sesc) e educa\u00e7\u00e3o profissional, e com o Servi\u00e7o Nacional de Aprendizagem Comercial (Senac), para ser gerido em Acordo de Coopera\u00e7\u00e3o.<\/p>\n","protected":false},"excerpt":{"rendered":"<p>O im\u00f3vel que abrigou o antigo Lord Hotel, localizado na rua Liberato Barroso, no Centro de Fortaleza, foi cedido pelo Governo do Cear\u00e1 ao Mun\u00edcipio de Fortaleza, nesta quinta-feira, dia 21 de novembro. No im\u00f3vel funcionar\u00e1 a nova sede da C\u00e2mara Municipal de Fortaleza. Com a aprova\u00e7\u00e3o da Assembleia Legislativa do Cear\u00e1, a lei autoriza a cess\u00e3o de uso do pr\u00e9dio, denominado Ed. Philomeno. Com a aprova\u00e7\u00e3o do Poder Legislativo, a lei segue para san\u00e7\u00e3o do governador Camilo Santana,&hellip;<\/p>\n","protected":false},"author":1,"featured_media":0,"comment_status":"open","ping_status":"open","sticky":false,"template":"","format":"standard","meta":{"footnotes":""},"categories":[1],"tags":[],"class_list":["post-14649","post","type-post","status-publish","format-standard","hentry","category-noticias"],"_links":{"self":[{"href":"https:\/\/blogdorogeriogomes.com.br\/noticias\/wp-json\/wp\/v2\/posts\/14649","targetHints":{"allow":["GET"]}}],"collection":[{"href":"https:\/\/blogdorogeriogomes.com.br\/noticias\/wp-json\/wp\/v2\/posts"}],"about":[{"href":"https:\/\/blogdorogeriogomes.com.br\/noticias\/wp-json\/wp\/v2\/types\/post"}],"author":[{"embeddable":true,"href":"https:\/\/blogdorogeriogomes.com.br\/noticias\/wp-json\/wp\/v2\/users\/1"}],"replies":[{"embeddable":true,"href":"https:\/\/blogdorogeriogomes.com.br\/noticias\/wp-json\/wp\/v2\/comments?post=14649"}],"version-history":[{"count":1,"href":"https:\/\/blogdorogeriogomes.com.br\/noticias\/wp-json\/wp\/v2\/posts\/14649\/revisions"}],"predecessor-version":[{"id":14651,"href":"https:\/\/blogdorogeriogomes.com.br\/noticias\/wp-json\/wp\/v2\/posts\/14649\/revisions\/14651"}],"wp:attachment":[{"href":"https:\/\/blogdorogeriogomes.com.br\/noticias\/wp-json\/wp\/v2\/media?parent=14649"}],"wp:term":[{"taxonomy":"category","embeddable":true,"href":"https:\/\/blogdorogeriogomes.com.br\/noticias\/wp-json\/wp\/v2\/categories?post=14649"},{"taxonomy":"post_tag","embeddable":true,"href":"https:\/\/blogdorogeriogomes.com.br\/noticias\/wp-json\/wp\/v2\/tags?post=14649"}],"curies":[{"name":"wp","href":"https:\/\/api.w.org\/{rel}","templated":true}]}}